{"id":4230,"date":"2025-03-08T20:27:40","date_gmt":"2025-03-08T20:27:40","guid":{"rendered":"https:\/\/elregionaldigital.info\/?p=4230"},"modified":"2025-03-10T20:29:05","modified_gmt":"2025-03-10T20:29:05","slug":"expone-la-uat-en-foro-universitario-el-liderazgo-de-la-mujer-tamaulipeca","status":"publish","type":"post","link":"https:\/\/elregionaldigital.info\/?p=4230","title":{"rendered":"Expone la UAT en foro universitario el liderazgo de la mujer tamaulipeca"},"content":{"rendered":"\n<p><\/p>\n\n\n\n<p><br>La Universidad Aut\u00f3noma de Tamaulipas (UAT) llev\u00f3 a cabo el Foro \u201cMujeres L\u00edderes que<br>Inspiran\u201d, el cual reuni\u00f3 a destacadas figuras del \u00e1mbito pol\u00edtico y acad\u00e9mico, para<br>compartir sus trayectorias y motivar a nuevas generaciones a transformar su entorno.<br>El evento presentado en el Gimnasio Multidisciplinario Tampico, y transmitido por<br>videoconferencia en las sedes universitarias, tuvo como invitada de honor a la presidenta<br>de Familia UAT, Isolda Rend\u00f3n de Anaya, y cont\u00f3 con la asistencia de m\u00e1s de 1500<br>mujeres, entre docentes, estudiantes y personal administrativo, en una jornada dedicada<br>a la reflexi\u00f3n y el empoderamiento femenino.<br>Este foro cont\u00f3 con la participaci\u00f3n de la presidenta municipal de Nuevo Laredo, Carmen<br>Lilia Canturosas Villarreal; la presidenta municipal de Tampico, M\u00f3nica Zacil Villarreal<br>Anaya; la diputada local y presidenta de la Mesa Directiva del Congreso del Estado,<br>Cynthia Lizabeth Jaime Castillo; y la secretaria general de la UAT, Mar\u00eda Concepci\u00f3n<br>Placencia Valadez, como moderadora del evento.<br>En su intervenci\u00f3n, Carmen Lilia Canturosas comparti\u00f3 los retos que enfrenta una mujer<br>en la esfera p\u00fablica, habl\u00f3 de las pol\u00edticas p\u00fablicas implementadas para erradicar la<br>violencia de g\u00e9nero y subray\u00f3 la importancia de la visibilidad femenina en el poder.<br>Por su parte, M\u00f3nica Zacil Villarreal destac\u00f3 las luchas por los derechos de las mujeres,<br>especialmente su participaci\u00f3n en la pol\u00edtica, enfatizando la importancia de la acci\u00f3n y la<br>paciencia para construir un futuro igualitario, recordando que los avances sociales<br>requieren persistencia y compromiso con esta causa.<br>En su turno, la diputada Cynthia Lizabeth Jaime resalt\u00f3 la importancia de que las mujeres<br>se autovaloren y se prioricen para alcanzar sus metas. Se\u00f1al\u00f3 que, al eliminar la<br>competencia destructiva entre ellas, se fomenta el apoyo mutuo y se fortalece el<br>liderazgo.<br>Al finalizar el foro, el rector de la UAT, D\u00e1maso Anaya Alvarado, acompa\u00f1ado de su<\/p>\n\n\n\n<p>esposa, Isolda Rend\u00f3n, entreg\u00f3 reconocimientos a las participantes, reiterando el<br>compromiso de la Universidad con la equidad de g\u00e9nero. Destac\u00f3 que en la UAT, hombres<br>y mujeres tienen las mismas oportunidades para desarrollar su potencial, reafirmando el<br>firme compromiso de la instituci\u00f3n para seguir promoviendo la igualdad en todos sus<br>espacios.<\/p>\n","protected":false},"excerpt":{"rendered":"<p>La Universidad Aut\u00f3noma de Tamaulipas (UAT) llev\u00f3 a cabo el Foro \u201cMujeres L\u00edderes queInspiran\u201d, el cual reuni\u00f3 a destacadas figuras del \u00e1mbito pol\u00edtico y acad\u00e9mico, paracompartir sus trayectorias y motivar a nuevas generaciones a transformar su entorno.El evento presentado en el Gimnasio Multidisciplinario Tampico, y transmitido porvideoconferencia en las sedes universitarias, tuvo como invitada de [&hellip;]<\/p>\n","protected":false},"author":1,"featured_media":4231,"comment_status":"open","ping_status":"open","sticky":false,"template":"","format":"standard","meta":{"footnotes":""},"categories":[4],"tags":[],"class_list":["post-4230","post","type-post","status-publish","format-standard","has-post-thumbnail","hentry","category-universidades"],"blog_post_layout_featured_media_urls":{"thumbnail":["https:\/\/elregionaldigital.info\/wp-content\/uploads\/2025\/03\/01-150x150.jpg",150,150,true],"full":["https:\/\/elregionaldigital.info\/wp-content\/uploads\/2025\/03\/01.jpg",1873,1280,false]},"categories_names":{"4":{"name":"Universidades","link":"https:\/\/elregionaldigital.info\/?cat=4"}},"tags_names":[],"comments_number":"0","wpmagazine_modules_lite_featured_media_urls":{"thumbnail":["https:\/\/elregionaldigital.info\/wp-content\/uploads\/2025\/03\/01-150x150.jpg",150,150,true],"cvmm-medium":["https:\/\/elregionaldigital.info\/wp-content\/uploads\/2025\/03\/01-300x300.jpg",300,300,true],"cvmm-medium-plus":["https:\/\/elregionaldigital.info\/wp-content\/uploads\/2025\/03\/01-305x207.jpg",305,207,true],"cvmm-portrait":["https:\/\/elregionaldigital.info\/wp-content\/uploads\/2025\/03\/01-400x600.jpg",400,600,true],"cvmm-medium-square":["https:\/\/elregionaldigital.info\/wp-content\/uploads\/2025\/03\/01-600x600.jpg",600,600,true],"cvmm-large":["https:\/\/elregionaldigital.info\/wp-content\/uploads\/2025\/03\/01-1024x1024.jpg",1024,1024,true],"cvmm-small":["https:\/\/elregionaldigital.info\/wp-content\/uploads\/2025\/03\/01-130x95.jpg",130,95,true],"full":["https:\/\/elregionaldigital.info\/wp-content\/uploads\/2025\/03\/01.jpg",1873,1280,false]},"_links":{"self":[{"href":"https:\/\/elregionaldigital.info\/index.php?rest_route=\/wp\/v2\/posts\/4230","targetHints":{"allow":["GET"]}}],"collection":[{"href":"https:\/\/elregionaldigital.info\/index.php?rest_route=\/wp\/v2\/posts"}],"about":[{"href":"https:\/\/elregionaldigital.info\/index.php?rest_route=\/wp\/v2\/types\/post"}],"author":[{"embeddable":true,"href":"https:\/\/elregionaldigital.info\/index.php?rest_route=\/wp\/v2\/users\/1"}],"replies":[{"embeddable":true,"href":"https:\/\/elregionaldigital.info\/index.php?rest_route=%2Fwp%2Fv2%2Fcomments&post=4230"}],"version-history":[{"count":1,"href":"https:\/\/elregionaldigital.info\/index.php?rest_route=\/wp\/v2\/posts\/4230\/revisions"}],"predecessor-version":[{"id":4232,"href":"https:\/\/elregionaldigital.info\/index.php?rest_route=\/wp\/v2\/posts\/4230\/revisions\/4232"}],"wp:featuredmedia":[{"embeddable":true,"href":"https:\/\/elregionaldigital.info\/index.php?rest_route=\/wp\/v2\/media\/4231"}],"wp:attachment":[{"href":"https:\/\/elregionaldigital.info\/index.php?rest_route=%2Fwp%2Fv2%2Fmedia&parent=4230"}],"wp:term":[{"taxonomy":"category","embeddable":true,"href":"https:\/\/elregionaldigital.info\/index.php?rest_route=%2Fwp%2Fv2%2Fcategories&post=4230"},{"taxonomy":"post_tag","embeddable":true,"href":"https:\/\/elregionaldigital.info\/index.php?rest_route=%2Fwp%2Fv2%2Ftags&post=4230"}],"curies":[{"name":"wp","href":"https:\/\/api.w.org\/{rel}","templated":true}]}}