{"id":4211,"date":"2025-03-03T17:17:44","date_gmt":"2025-03-03T17:17:44","guid":{"rendered":"https:\/\/elregionaldigital.info\/?p=4211"},"modified":"2025-03-04T17:18:08","modified_gmt":"2025-03-04T17:18:08","slug":"damaso-anaya-inaugura-foro-sobre-igualdad-de-genero-y-cultura-de-paz","status":"publish","type":"post","link":"https:\/\/elregionaldigital.info\/?p=4211","title":{"rendered":"D\u00e1maso Anaya inaugura foro sobre igualdad de g\u00e9nero y cultura de paz"},"content":{"rendered":"\n<p><br>\uf0b7 El rector de la UAT pone en marcha Voces Universitarias en el marco de los eventos<br>para conmemorar el D\u00eda Internacional de la Mujer.<br>La Universidad Aut\u00f3noma de Tamaulipas (UAT) reafirm\u00f3 su compromiso con la igualdad<br>de g\u00e9nero y la construcci\u00f3n de una cultura de paz al iniciar las actividades<br>conmemorativas del D\u00eda Internacional de la Mujer, a trav\u00e9s del foro \u201cVoces Universitarias:<br>Perspectivas sobre la Agenda de G\u00e9nero y Cultura de Paz\u201d.<br>El evento inaugurado por el rector D\u00e1maso Anaya Alvarado en el Gimnasio<br>Multidisciplinario Victoria, reuni\u00f3 la participaci\u00f3n de mujeres docentes y estudiantes que<br>presentaron sus propuestas sobre estos temas esenciales para la comunidad.<br>Junto con su esposa, Isolda Rend\u00f3n de Anaya, presidenta de Familia UAT, el rector puso en<br>marcha la jornada que se desarroll\u00f3 mediante mesas de trabajo, donde destac\u00f3 la<br>importancia de avanzar en la agenda de g\u00e9nero y consolidar una cultura de paz en la casa<br>de estudios.<br>Resalt\u00f3 que la equidad de g\u00e9nero es un proceso continuo, en el cual la universidad se<br>compromete a garantizar un entorno seguro y libre de violencia para las mujeres.<br>Subray\u00f3 la necesidad de cuestionar los paradigmas patriarcales y trabajar juntos para<br>lograr una Universidad inclusiva, donde todas las voces sean escuchadas y cada persona se<br>desarrolle plenamente.<br>D\u00e1maso Anaya reiter\u00f3 el compromiso de la UAT para asegurar una participaci\u00f3n<br>equitativa, luego de convocar a toda la comunidad universitaria para sentar las bases de<br>una instituci\u00f3n donde la equidad sustantiva de las mujeres no solo sea un ideal, sino una<br>pr\u00e1ctica cotidiana.<br>La ceremonia cont\u00f3 con la presencia de la secretaria general de la UAT, Mar\u00eda Concepci\u00f3n<br>Placencia Valadez; la titular del Instituto de la Mujer Universitaria, Alejandra Vela<br>Ba\u00f1uelos; y el titular de la Defensor\u00eda de los Derechos Universitarios, Jos\u00e9 de Jes\u00fas<\/p>\n\n\n\n<p>Guzm\u00e1n Morales.<br>Las mesas de trabajo fueron un espacio de intercambio de ideas y propuestas sobre temas<br>como educaci\u00f3n y formaci\u00f3n, liderazgo femenino, salud, bienestar integral, inclusi\u00f3n,<br>equidad, y mecanismos de atenci\u00f3n ante casos de violencia de g\u00e9nero. Este evento marca<br>el inicio de una serie de actividades que incluir\u00e1n charlas, talleres y mesas de trabajo en<br>todos los campus de la UAT para conmemorar el D\u00eda Internacional de la Mujer.<\/p>\n","protected":false},"excerpt":{"rendered":"<p>\uf0b7 El rector de la UAT pone en marcha Voces Universitarias en el marco de los eventospara conmemorar el D\u00eda Internacional de la Mujer.La Universidad Aut\u00f3noma de Tamaulipas (UAT) reafirm\u00f3 su compromiso con la igualdadde g\u00e9nero y la construcci\u00f3n de una cultura de paz al iniciar las actividadesconmemorativas del D\u00eda Internacional de la Mujer, a [&hellip;]<\/p>\n","protected":false},"author":1,"featured_media":4212,"comment_status":"open","ping_status":"open","sticky":false,"template":"","format":"standard","meta":{"footnotes":""},"categories":[4],"tags":[],"class_list":["post-4211","post","type-post","status-publish","format-standard","has-post-thumbnail","hentry","category-universidades"],"blog_post_layout_featured_media_urls":{"thumbnail":["https:\/\/elregionaldigital.info\/wp-content\/uploads\/2025\/03\/6-150x150.jpg",150,150,true],"full":["https:\/\/elregionaldigital.info\/wp-content\/uploads\/2025\/03\/6-scaled.jpg",2560,1616,false]},"categories_names":{"4":{"name":"Universidades","link":"https:\/\/elregionaldigital.info\/?cat=4"}},"tags_names":[],"comments_number":"0","wpmagazine_modules_lite_featured_media_urls":{"thumbnail":["https:\/\/elregionaldigital.info\/wp-content\/uploads\/2025\/03\/6-150x150.jpg",150,150,true],"cvmm-medium":["https:\/\/elregionaldigital.info\/wp-content\/uploads\/2025\/03\/6-300x300.jpg",300,300,true],"cvmm-medium-plus":["https:\/\/elregionaldigital.info\/wp-content\/uploads\/2025\/03\/6-305x207.jpg",305,207,true],"cvmm-portrait":["https:\/\/elregionaldigital.info\/wp-content\/uploads\/2025\/03\/6-400x600.jpg",400,600,true],"cvmm-medium-square":["https:\/\/elregionaldigital.info\/wp-content\/uploads\/2025\/03\/6-600x600.jpg",600,600,true],"cvmm-large":["https:\/\/elregionaldigital.info\/wp-content\/uploads\/2025\/03\/6-1024x1024.jpg",1024,1024,true],"cvmm-small":["https:\/\/elregionaldigital.info\/wp-content\/uploads\/2025\/03\/6-130x95.jpg",130,95,true],"full":["https:\/\/elregionaldigital.info\/wp-content\/uploads\/2025\/03\/6-scaled.jpg",2560,1616,false]},"_links":{"self":[{"href":"https:\/\/elregionaldigital.info\/index.php?rest_route=\/wp\/v2\/posts\/4211","targetHints":{"allow":["GET"]}}],"collection":[{"href":"https:\/\/elregionaldigital.info\/index.php?rest_route=\/wp\/v2\/posts"}],"about":[{"href":"https:\/\/elregionaldigital.info\/index.php?rest_route=\/wp\/v2\/types\/post"}],"author":[{"embeddable":true,"href":"https:\/\/elregionaldigital.info\/index.php?rest_route=\/wp\/v2\/users\/1"}],"replies":[{"embeddable":true,"href":"https:\/\/elregionaldigital.info\/index.php?rest_route=%2Fwp%2Fv2%2Fcomments&post=4211"}],"version-history":[{"count":1,"href":"https:\/\/elregionaldigital.info\/index.php?rest_route=\/wp\/v2\/posts\/4211\/revisions"}],"predecessor-version":[{"id":4213,"href":"https:\/\/elregionaldigital.info\/index.php?rest_route=\/wp\/v2\/posts\/4211\/revisions\/4213"}],"wp:featuredmedia":[{"embeddable":true,"href":"https:\/\/elregionaldigital.info\/index.php?rest_route=\/wp\/v2\/media\/4212"}],"wp:attachment":[{"href":"https:\/\/elregionaldigital.info\/index.php?rest_route=%2Fwp%2Fv2%2Fmedia&parent=4211"}],"wp:term":[{"taxonomy":"category","embeddable":true,"href":"https:\/\/elregionaldigital.info\/index.php?rest_route=%2Fwp%2Fv2%2Fcategories&post=4211"},{"taxonomy":"post_tag","embeddable":true,"href":"https:\/\/elregionaldigital.info\/index.php?rest_route=%2Fwp%2Fv2%2Ftags&post=4211"}],"curies":[{"name":"wp","href":"https:\/\/api.w.org\/{rel}","templated":true}]}}