{"id":4193,"date":"2025-02-26T15:10:08","date_gmt":"2025-02-26T15:10:08","guid":{"rendered":"https:\/\/elregionaldigital.info\/?p=4193"},"modified":"2025-02-27T15:10:39","modified_gmt":"2025-02-27T15:10:39","slug":"impulsa-la-uat-proyectos-de-transporte-en-beneficio-de-estudiantes","status":"publish","type":"post","link":"https:\/\/elregionaldigital.info\/?p=4193","title":{"rendered":"Impulsa la UAT proyectos de transporte en beneficio de estudiantes"},"content":{"rendered":"\n<p><\/p>\n\n\n\n<p><br>El rector D\u00e1maso Anaya Alvarado inform\u00f3 que, como parte del mejoramiento de la<br>infraestructura de la Universidad Aut\u00f3noma de Tamaulipas (UAT), se impulsa la iniciativa<br>de apoyar a los estudiantes con servicios de transporte universitario.<br>En entrevista con medios informativos, el rector anunci\u00f3 la adquisici\u00f3n de trece camiones,<br>dos autobuses y diez camionetas tipo van, lo que permitir\u00e1 ampliar el servicio de traslado<br>para estudiantes y docentes.<br>Explic\u00f3 que este proyecto se trabaja en colaboraci\u00f3n con el Gobierno del Estado, y que, en<br>coordinaci\u00f3n con instancias municipales, se est\u00e1 evaluando la incorporaci\u00f3n de veh\u00edculos<br>el\u00e9ctricos, con el objetivo de modernizar el sistema de movilidad y reducir la huella<br>ecol\u00f3gica de la Universidad.<br>Anaya Alvarado enfatiz\u00f3 la necesidad de seguir fortaleciendo este rubro con<br>infraestructura y equipamiento, con el prop\u00f3sito de mejorar las condiciones educativas de<br>los estudiantes, as\u00ed como para garantizarles mayores oportunidades para su formaci\u00f3n.<br>En ese sentido, enfatiz\u00f3 la importancia de mantener un v\u00ednculo cercano con la comunidad<br>universitaria, por lo que ha intensificado los recorridos en las dependencias acad\u00e9micas<br>para atender directamente necesidades y sugerencias de docentes y estudiantes en todo<br>el estado.<br>Agreg\u00f3 tambi\u00e9n que esto ha permitido realizar alrededor de cincuenta obras de<br>infraestructura sin precedentes en la historia de la UAT, cuyos avances, adem\u00e1s de contar<br>con nuevo equipamiento, laboratorios, aulas y otros espacios f\u00edsicos, han dotado a las<br>veintisiete dependencias universitarias de veh\u00edculos, como camiones y camionetas, para<br>atender sus funciones administrativas y escolares.<br>Por \u00faltimo, subray\u00f3 que se ha puesto un enfoque especial en la expansi\u00f3n de cursos de<br>lenguas extranjeras y en los programas de movilidad acad\u00e9mica e intercambio cultural que<br>ampl\u00eden las oportunidades de los estudiantes para hacer estancias en el extranjero.<\/p>\n","protected":false},"excerpt":{"rendered":"<p>El rector D\u00e1maso Anaya Alvarado inform\u00f3 que, como parte del mejoramiento de lainfraestructura de la Universidad Aut\u00f3noma de Tamaulipas (UAT), se impulsa la iniciativade apoyar a los estudiantes con servicios de transporte universitario.En entrevista con medios informativos, el rector anunci\u00f3 la adquisici\u00f3n de trece camiones,dos autobuses y diez camionetas tipo van, lo que permitir\u00e1 ampliar [&hellip;]<\/p>\n","protected":false},"author":1,"featured_media":4194,"comment_status":"open","ping_status":"open","sticky":false,"template":"","format":"standard","meta":{"footnotes":""},"categories":[4],"tags":[],"class_list":["post-4193","post","type-post","status-publish","format-standard","has-post-thumbnail","hentry","category-universidades"],"blog_post_layout_featured_media_urls":{"thumbnail":["https:\/\/elregionaldigital.info\/wp-content\/uploads\/2025\/02\/1-6-1-150x150.jpg",150,150,true],"full":["https:\/\/elregionaldigital.info\/wp-content\/uploads\/2025\/02\/1-6-1-scaled.jpg",2560,1707,false]},"categories_names":{"4":{"name":"Universidades","link":"https:\/\/elregionaldigital.info\/?cat=4"}},"tags_names":[],"comments_number":"0","wpmagazine_modules_lite_featured_media_urls":{"thumbnail":["https:\/\/elregionaldigital.info\/wp-content\/uploads\/2025\/02\/1-6-1-150x150.jpg",150,150,true],"cvmm-medium":["https:\/\/elregionaldigital.info\/wp-content\/uploads\/2025\/02\/1-6-1-300x300.jpg",300,300,true],"cvmm-medium-plus":["https:\/\/elregionaldigital.info\/wp-content\/uploads\/2025\/02\/1-6-1-305x207.jpg",305,207,true],"cvmm-portrait":["https:\/\/elregionaldigital.info\/wp-content\/uploads\/2025\/02\/1-6-1-400x600.jpg",400,600,true],"cvmm-medium-square":["https:\/\/elregionaldigital.info\/wp-content\/uploads\/2025\/02\/1-6-1-600x600.jpg",600,600,true],"cvmm-large":["https:\/\/elregionaldigital.info\/wp-content\/uploads\/2025\/02\/1-6-1-1024x1024.jpg",1024,1024,true],"cvmm-small":["https:\/\/elregionaldigital.info\/wp-content\/uploads\/2025\/02\/1-6-1-130x95.jpg",130,95,true],"full":["https:\/\/elregionaldigital.info\/wp-content\/uploads\/2025\/02\/1-6-1-scaled.jpg",2560,1707,false]},"_links":{"self":[{"href":"https:\/\/elregionaldigital.info\/index.php?rest_route=\/wp\/v2\/posts\/4193","targetHints":{"allow":["GET"]}}],"collection":[{"href":"https:\/\/elregionaldigital.info\/index.php?rest_route=\/wp\/v2\/posts"}],"about":[{"href":"https:\/\/elregionaldigital.info\/index.php?rest_route=\/wp\/v2\/types\/post"}],"author":[{"embeddable":true,"href":"https:\/\/elregionaldigital.info\/index.php?rest_route=\/wp\/v2\/users\/1"}],"replies":[{"embeddable":true,"href":"https:\/\/elregionaldigital.info\/index.php?rest_route=%2Fwp%2Fv2%2Fcomments&post=4193"}],"version-history":[{"count":1,"href":"https:\/\/elregionaldigital.info\/index.php?rest_route=\/wp\/v2\/posts\/4193\/revisions"}],"predecessor-version":[{"id":4195,"href":"https:\/\/elregionaldigital.info\/index.php?rest_route=\/wp\/v2\/posts\/4193\/revisions\/4195"}],"wp:featuredmedia":[{"embeddable":true,"href":"https:\/\/elregionaldigital.info\/index.php?rest_route=\/wp\/v2\/media\/4194"}],"wp:attachment":[{"href":"https:\/\/elregionaldigital.info\/index.php?rest_route=%2Fwp%2Fv2%2Fmedia&parent=4193"}],"wp:term":[{"taxonomy":"category","embeddable":true,"href":"https:\/\/elregionaldigital.info\/index.php?rest_route=%2Fwp%2Fv2%2Fcategories&post=4193"},{"taxonomy":"post_tag","embeddable":true,"href":"https:\/\/elregionaldigital.info\/index.php?rest_route=%2Fwp%2Fv2%2Ftags&post=4193"}],"curies":[{"name":"wp","href":"https:\/\/api.w.org\/{rel}","templated":true}]}}