{"id":4165,"date":"2025-02-18T14:50:56","date_gmt":"2025-02-18T14:50:56","guid":{"rendered":"https:\/\/elregionaldigital.info\/?p=4165"},"modified":"2025-02-19T14:51:26","modified_gmt":"2025-02-19T14:51:26","slug":"entrega-rector-equipo-para-el-mantenimiento-de-los-campus-de-la-uat","status":"publish","type":"post","link":"https:\/\/elregionaldigital.info\/?p=4165","title":{"rendered":"Entrega rector equipo para el mantenimiento de los campus de la UAT"},"content":{"rendered":"\n<p>El rector D\u00e1maso Anaya Alvarado llev\u00f3 a cabo la entrega de equipo que servir\u00e1 para<br>reforzar las labores de mantenimiento en las instalaciones de la Universidad Aut\u00f3noma de<br>Tamaulipas (UAT) en Ciudad Victoria y Tampico.<br>Durante la entrega del equipamiento al personal del \u00e1rea de mantenimiento, el rector<br>reiter\u00f3 su compromiso de fortalecer la infraestructura y el mejoramiento de los espacios<br>universitarios.<br>En la ceremonia realizada en el Centro Universitario Victoria, se dot\u00f3 de nuevo equipo y<br>herramientas consistentes en hidrolavadoras, escaleras, motosierras, compactadoras,<br>cortadoras de piso, tractores, generadores el\u00e9ctricos y gatos hidr\u00e1ulicos, entre otras.<br>En di\u00e1logo con los trabajadores de las \u00e1reas de mantenimiento y conservaci\u00f3n de<br>infraestructura, D\u00e1maso Anaya expres\u00f3 su objetivo de atender las necesidades de<br>mejoramiento y funcionalidad de todos los espacios universitarios, adem\u00e1s de brindarles<br>los implementos que requieran para su desempe\u00f1o con mayor seguridad.<br>Los materiales ser\u00e1n usados para la limpieza y el mantenimiento de jardines, as\u00ed como<br>para el embellecimiento de los espacios comunes de los campus Victoria y Tampico.<br>Este equipamiento se suma a la reciente entrega de veh\u00edculos para las tareas de vigilancia<br>y auxilio a cargo de las Unidades de Protecci\u00f3n Universitaria, por lo que se estar\u00e1n<br>reforzando estas acciones en beneficio de la comunidad de la casa de estudios, as\u00ed como<br>de los usuarios de los diferentes servicios que se ofrecen a la sociedad.<br>Mediante este ejercicio, el rector D\u00e1maso Anaya sigue fortaleciendo el crecimiento y la<br>transformaci\u00f3n de la Universidad para darle un nuevo rostro que sea referente de la<br>excelencia en servicios educativos y en infraestructura.<\/p>\n","protected":false},"excerpt":{"rendered":"<p>El rector D\u00e1maso Anaya Alvarado llev\u00f3 a cabo la entrega de equipo que servir\u00e1 parareforzar las labores de mantenimiento en las instalaciones de la Universidad Aut\u00f3noma deTamaulipas (UAT) en Ciudad Victoria y Tampico.Durante la entrega del equipamiento al personal del \u00e1rea de mantenimiento, el rectorreiter\u00f3 su compromiso de fortalecer la infraestructura y el mejoramiento de [&hellip;]<\/p>\n","protected":false},"author":1,"featured_media":4166,"comment_status":"open","ping_status":"open","sticky":false,"template":"","format":"standard","meta":{"footnotes":""},"categories":[4],"tags":[],"class_list":["post-4165","post","type-post","status-publish","format-standard","has-post-thumbnail","hentry","category-universidades"],"blog_post_layout_featured_media_urls":{"thumbnail":["https:\/\/elregionaldigital.info\/wp-content\/uploads\/2025\/02\/3-2-150x150.jpeg",150,150,true],"full":["https:\/\/elregionaldigital.info\/wp-content\/uploads\/2025\/02\/3-2.jpeg",2346,1564,false]},"categories_names":{"4":{"name":"Universidades","link":"https:\/\/elregionaldigital.info\/?cat=4"}},"tags_names":[],"comments_number":"0","wpmagazine_modules_lite_featured_media_urls":{"thumbnail":["https:\/\/elregionaldigital.info\/wp-content\/uploads\/2025\/02\/3-2-150x150.jpeg",150,150,true],"cvmm-medium":["https:\/\/elregionaldigital.info\/wp-content\/uploads\/2025\/02\/3-2-300x300.jpeg",300,300,true],"cvmm-medium-plus":["https:\/\/elregionaldigital.info\/wp-content\/uploads\/2025\/02\/3-2-305x207.jpeg",305,207,true],"cvmm-portrait":["https:\/\/elregionaldigital.info\/wp-content\/uploads\/2025\/02\/3-2-400x600.jpeg",400,600,true],"cvmm-medium-square":["https:\/\/elregionaldigital.info\/wp-content\/uploads\/2025\/02\/3-2-600x600.jpeg",600,600,true],"cvmm-large":["https:\/\/elregionaldigital.info\/wp-content\/uploads\/2025\/02\/3-2-1024x1024.jpeg",1024,1024,true],"cvmm-small":["https:\/\/elregionaldigital.info\/wp-content\/uploads\/2025\/02\/3-2-130x95.jpeg",130,95,true],"full":["https:\/\/elregionaldigital.info\/wp-content\/uploads\/2025\/02\/3-2.jpeg",2346,1564,false]},"_links":{"self":[{"href":"https:\/\/elregionaldigital.info\/index.php?rest_route=\/wp\/v2\/posts\/4165","targetHints":{"allow":["GET"]}}],"collection":[{"href":"https:\/\/elregionaldigital.info\/index.php?rest_route=\/wp\/v2\/posts"}],"about":[{"href":"https:\/\/elregionaldigital.info\/index.php?rest_route=\/wp\/v2\/types\/post"}],"author":[{"embeddable":true,"href":"https:\/\/elregionaldigital.info\/index.php?rest_route=\/wp\/v2\/users\/1"}],"replies":[{"embeddable":true,"href":"https:\/\/elregionaldigital.info\/index.php?rest_route=%2Fwp%2Fv2%2Fcomments&post=4165"}],"version-history":[{"count":1,"href":"https:\/\/elregionaldigital.info\/index.php?rest_route=\/wp\/v2\/posts\/4165\/revisions"}],"predecessor-version":[{"id":4167,"href":"https:\/\/elregionaldigital.info\/index.php?rest_route=\/wp\/v2\/posts\/4165\/revisions\/4167"}],"wp:featuredmedia":[{"embeddable":true,"href":"https:\/\/elregionaldigital.info\/index.php?rest_route=\/wp\/v2\/media\/4166"}],"wp:attachment":[{"href":"https:\/\/elregionaldigital.info\/index.php?rest_route=%2Fwp%2Fv2%2Fmedia&parent=4165"}],"wp:term":[{"taxonomy":"category","embeddable":true,"href":"https:\/\/elregionaldigital.info\/index.php?rest_route=%2Fwp%2Fv2%2Fcategories&post=4165"},{"taxonomy":"post_tag","embeddable":true,"href":"https:\/\/elregionaldigital.info\/index.php?rest_route=%2Fwp%2Fv2%2Ftags&post=4165"}],"curies":[{"name":"wp","href":"https:\/\/api.w.org\/{rel}","templated":true}]}}