{"id":4162,"date":"2025-02-17T14:26:39","date_gmt":"2025-02-17T14:26:39","guid":{"rendered":"https:\/\/elregionaldigital.info\/?p=4162"},"modified":"2025-02-19T14:27:27","modified_gmt":"2025-02-19T14:27:27","slug":"invita-la-uat-a-donar-taparroscas-en-apoyo-a-la-lucha-contra-el-cancer","status":"publish","type":"post","link":"https:\/\/elregionaldigital.info\/?p=4162","title":{"rendered":"Invita la UAT a donar taparroscas en apoyo a la lucha contra el c\u00e1ncer"},"content":{"rendered":"\n<p><\/p>\n\n\n\n<p><br>El rector de la Universidad Aut\u00f3noma de Tamaulipas (UAT), D\u00e1maso Anaya Alvarado, puso<br>en marcha la recolecci\u00f3n de taparroscas de pl\u00e1stico, mediante la instalaci\u00f3n de<br>contenedores en puntos estrat\u00e9gicos que facilitan la donaci\u00f3n, permitiendo a la<br>comunidad universitaria y a la sociedad en general contribuir de manera sencilla al apoyo<br>de las personas diagnosticadas con c\u00e1ncer.<br>Los donativos recolectados ser\u00e1n entregados a la asociaci\u00f3n Voluntad Contra el C\u00e1ncer, A.<br>C., la cual utilizar\u00e1 las taparroscas para financiar tratamientos m\u00e9dicos a ni\u00f1os y adultos<br>de escasos recursos afectados por esa enfermedad.<br>Durante el lanzamiento de la campa\u00f1a, el rector D\u00e1maso Anaya, junto a su esposa, Isolda<br>Rend\u00f3n, presidenta de Familia UAT, hizo un llamado a sumarse a esta causa solidaria,<br>destacando que, con cada taparrosca depositada, se puede hacer la diferencia, y mejorar<br>la vida de las familias que enfrentan esa enfermedad sin contar con los recursos<br>necesarios para su tratamiento.<br>Los contenedores, con el distintivo \u201cFamilia UAT\u201d, han sido colocados en puntos clave de<br>Ciudad Victoria, como el campus universitario, el edificio de rector\u00eda y el estadio Marte R.<br>G\u00f3mez.<br>Estos contenedores est\u00e1n dise\u00f1ados para facilitar la recolecci\u00f3n de las taparroscas que,<br>posteriormente, ser\u00e1n convertidas en un apoyo econ\u00f3mico para el tratamiento de ni\u00f1os y<br>adultos con c\u00e1ncer.<br>Cabe destacar que la asociaci\u00f3n Voluntad Contra el C\u00e1ncer, A. C., con la que la UAT lleva a<br>cabo esta actividad de responsabilidad social, es una organizaci\u00f3n civil sin fines de lucro<br>que apoya a ni\u00f1os con c\u00e1ncer de escasos recursos en Tamaulipas y en otras regiones como<br>en la Huasteca Veracruzana, Hidalguense y Potosina.<br>Con esta acci\u00f3n solidaria, la UAT invita a todos a participar, recordando que una simple<br>taparrosca puede marcar una gran diferencia en la vida de quienes luchan contra esa<\/p>\n\n\n\n<p>enfermedad.<\/p>\n","protected":false},"excerpt":{"rendered":"<p>El rector de la Universidad Aut\u00f3noma de Tamaulipas (UAT), D\u00e1maso Anaya Alvarado, pusoen marcha la recolecci\u00f3n de taparroscas de pl\u00e1stico, mediante la instalaci\u00f3n decontenedores en puntos estrat\u00e9gicos que facilitan la donaci\u00f3n, permitiendo a lacomunidad universitaria y a la sociedad en general contribuir de manera sencilla al apoyode las personas diagnosticadas con c\u00e1ncer.Los donativos recolectados ser\u00e1n [&hellip;]<\/p>\n","protected":false},"author":1,"featured_media":4163,"comment_status":"open","ping_status":"open","sticky":false,"template":"","format":"standard","meta":{"footnotes":""},"categories":[4],"tags":[],"class_list":["post-4162","post","type-post","status-publish","format-standard","has-post-thumbnail","hentry","category-universidades"],"blog_post_layout_featured_media_urls":{"thumbnail":["https:\/\/elregionaldigital.info\/wp-content\/uploads\/2025\/02\/1-5-150x150.jpg",150,150,true],"full":["https:\/\/elregionaldigital.info\/wp-content\/uploads\/2025\/02\/1-5-scaled.jpg",2560,1707,false]},"categories_names":{"4":{"name":"Universidades","link":"https:\/\/elregionaldigital.info\/?cat=4"}},"tags_names":[],"comments_number":"0","wpmagazine_modules_lite_featured_media_urls":{"thumbnail":["https:\/\/elregionaldigital.info\/wp-content\/uploads\/2025\/02\/1-5-150x150.jpg",150,150,true],"cvmm-medium":["https:\/\/elregionaldigital.info\/wp-content\/uploads\/2025\/02\/1-5-300x300.jpg",300,300,true],"cvmm-medium-plus":["https:\/\/elregionaldigital.info\/wp-content\/uploads\/2025\/02\/1-5-305x207.jpg",305,207,true],"cvmm-portrait":["https:\/\/elregionaldigital.info\/wp-content\/uploads\/2025\/02\/1-5-400x600.jpg",400,600,true],"cvmm-medium-square":["https:\/\/elregionaldigital.info\/wp-content\/uploads\/2025\/02\/1-5-600x600.jpg",600,600,true],"cvmm-large":["https:\/\/elregionaldigital.info\/wp-content\/uploads\/2025\/02\/1-5-1024x1024.jpg",1024,1024,true],"cvmm-small":["https:\/\/elregionaldigital.info\/wp-content\/uploads\/2025\/02\/1-5-130x95.jpg",130,95,true],"full":["https:\/\/elregionaldigital.info\/wp-content\/uploads\/2025\/02\/1-5-scaled.jpg",2560,1707,false]},"_links":{"self":[{"href":"https:\/\/elregionaldigital.info\/index.php?rest_route=\/wp\/v2\/posts\/4162","targetHints":{"allow":["GET"]}}],"collection":[{"href":"https:\/\/elregionaldigital.info\/index.php?rest_route=\/wp\/v2\/posts"}],"about":[{"href":"https:\/\/elregionaldigital.info\/index.php?rest_route=\/wp\/v2\/types\/post"}],"author":[{"embeddable":true,"href":"https:\/\/elregionaldigital.info\/index.php?rest_route=\/wp\/v2\/users\/1"}],"replies":[{"embeddable":true,"href":"https:\/\/elregionaldigital.info\/index.php?rest_route=%2Fwp%2Fv2%2Fcomments&post=4162"}],"version-history":[{"count":1,"href":"https:\/\/elregionaldigital.info\/index.php?rest_route=\/wp\/v2\/posts\/4162\/revisions"}],"predecessor-version":[{"id":4164,"href":"https:\/\/elregionaldigital.info\/index.php?rest_route=\/wp\/v2\/posts\/4162\/revisions\/4164"}],"wp:featuredmedia":[{"embeddable":true,"href":"https:\/\/elregionaldigital.info\/index.php?rest_route=\/wp\/v2\/media\/4163"}],"wp:attachment":[{"href":"https:\/\/elregionaldigital.info\/index.php?rest_route=%2Fwp%2Fv2%2Fmedia&parent=4162"}],"wp:term":[{"taxonomy":"category","embeddable":true,"href":"https:\/\/elregionaldigital.info\/index.php?rest_route=%2Fwp%2Fv2%2Fcategories&post=4162"},{"taxonomy":"post_tag","embeddable":true,"href":"https:\/\/elregionaldigital.info\/index.php?rest_route=%2Fwp%2Fv2%2Ftags&post=4162"}],"curies":[{"name":"wp","href":"https:\/\/api.w.org\/{rel}","templated":true}]}}