{"id":4158,"date":"2025-02-01T13:50:37","date_gmt":"2025-02-01T13:50:37","guid":{"rendered":"https:\/\/elregionaldigital.info\/?p=4158"},"modified":"2025-02-17T13:51:01","modified_gmt":"2025-02-17T13:51:01","slug":"gobernadores-mexicanos-respaldan-a-sheinbaum-tras-anuncio-de-trump-por-aranceles","status":"publish","type":"post","link":"https:\/\/elregionaldigital.info\/?p=4158","title":{"rendered":"Gobernadores mexicanos respaldan a Sheinbaum tras anuncio de Trump por aranceles"},"content":{"rendered":"\n<p><a href=\"https:\/\/laverdad.com.mx\/wp-content\/uploads\/2025\/02\/2she.webp\"><\/a><\/p>\n\n\n\n<p>Los integrantes de la Conferencia Nacional de Gobernadores (CONAGO), emitieron un posicionamiento en respaldo a la presidenta de M\u00e9xico, Claudia Sheinbaum, tras las declaraciones de la Casa Blanca que sugieren presuntos v\u00ednculos entre el gobierno mexicano y los c\u00e1rteles del narcotr\u00e1fico.<\/p>\n\n\n\n<p>A trav\u00e9s de un comunicado, los mandatarios estatales condenaron en\u00e9rgicamente estas acusaciones, calific\u00e1ndolas de infundadas y carentes de sustento.<\/p>\n\n\n\n<p>Asimismo, se\u00f1alaron que dichas afirmaciones ignoran los esfuerzos verificables que el gobierno de M\u00e9xico ha realizado en el combate al crimen organizado, fortaleciendo el Estado de Derecho y la seguridad nacional.<\/p>\n\n\n\n<p>En el documento, los gobernadores destacaron que, bajo el liderazgo de Sheinbaum, la lucha contra el narcotr\u00e1fico se ha intensificado mediante operativos estrat\u00e9gicos, la captura de l\u00edderes criminales y el reforzamiento de la cooperaci\u00f3n internacional en materia de seguridad.<\/p>\n\n\n\n<p>El Gobierno de M\u00e9xico ha asumido con responsabilidad su papel en el combate al crimen organizado, enfrentando a los grupos delictivos con determinaci\u00f3n y sin tregua.<\/p>\n\n\n\n<p>La coordinaci\u00f3n con las fuerzas de seguridad, el fortalecimiento de las instituciones y la colaboraci\u00f3n con socios internacionales han sido pilares fundamentales en esta estrategia\u201d, se\u00f1ala el posicionamiento de la CONAGO.<\/p>\n\n\n\n<p>Los mandatarios estatales subrayaron que la problem\u00e1tica del narcotr\u00e1fico tiene una dimensi\u00f3n binacional, pues mientras M\u00e9xico combate la producci\u00f3n y tr\u00e1fico de drogas il\u00edcitas, la demanda de sustancias como el fentanilo proviene de Estados Unidos.<\/p>\n\n\n\n<p>Asimismo, recordaron que el flujo ilegal de armas de alto poder desde territorio estadounidense fortalece a los grupos delictivos en M\u00e9xico, por lo que exigieron mayor corresponsabilidad en el tema.<\/p>\n","protected":false},"excerpt":{"rendered":"<p>Los integrantes de la Conferencia Nacional de Gobernadores (CONAGO), emitieron un posicionamiento en respaldo a la presidenta de M\u00e9xico, Claudia Sheinbaum, tras las declaraciones de la Casa Blanca que sugieren presuntos v\u00ednculos entre el gobierno mexicano y los c\u00e1rteles del narcotr\u00e1fico. A trav\u00e9s de un comunicado, los mandatarios estatales condenaron en\u00e9rgicamente estas acusaciones, calific\u00e1ndolas de [&hellip;]<\/p>\n","protected":false},"author":1,"featured_media":4159,"comment_status":"open","ping_status":"open","sticky":false,"template":"","format":"standard","meta":{"footnotes":""},"categories":[5],"tags":[],"class_list":["post-4158","post","type-post","status-publish","format-standard","has-post-thumbnail","hentry","category-nacional"],"blog_post_layout_featured_media_urls":{"thumbnail":["https:\/\/elregionaldigital.info\/wp-content\/uploads\/2025\/02\/2she-750x563-1-150x150.webp",150,150,true],"full":["https:\/\/elregionaldigital.info\/wp-content\/uploads\/2025\/02\/2she-750x563-1.webp",750,563,false]},"categories_names":{"5":{"name":"Nacional","link":"https:\/\/elregionaldigital.info\/?cat=5"}},"tags_names":[],"comments_number":"0","wpmagazine_modules_lite_featured_media_urls":{"thumbnail":["https:\/\/elregionaldigital.info\/wp-content\/uploads\/2025\/02\/2she-750x563-1-150x150.webp",150,150,true],"cvmm-medium":["https:\/\/elregionaldigital.info\/wp-content\/uploads\/2025\/02\/2she-750x563-1-300x300.webp",300,300,true],"cvmm-medium-plus":["https:\/\/elregionaldigital.info\/wp-content\/uploads\/2025\/02\/2she-750x563-1-305x207.webp",305,207,true],"cvmm-portrait":["https:\/\/elregionaldigital.info\/wp-content\/uploads\/2025\/02\/2she-750x563-1-400x563.webp",400,563,true],"cvmm-medium-square":["https:\/\/elregionaldigital.info\/wp-content\/uploads\/2025\/02\/2she-750x563-1-600x563.webp",600,563,true],"cvmm-large":["https:\/\/elregionaldigital.info\/wp-content\/uploads\/2025\/02\/2she-750x563-1.webp",750,563,false],"cvmm-small":["https:\/\/elregionaldigital.info\/wp-content\/uploads\/2025\/02\/2she-750x563-1-130x95.webp",130,95,true],"full":["https:\/\/elregionaldigital.info\/wp-content\/uploads\/2025\/02\/2she-750x563-1.webp",750,563,false]},"_links":{"self":[{"href":"https:\/\/elregionaldigital.info\/index.php?rest_route=\/wp\/v2\/posts\/4158","targetHints":{"allow":["GET"]}}],"collection":[{"href":"https:\/\/elregionaldigital.info\/index.php?rest_route=\/wp\/v2\/posts"}],"about":[{"href":"https:\/\/elregionaldigital.info\/index.php?rest_route=\/wp\/v2\/types\/post"}],"author":[{"embeddable":true,"href":"https:\/\/elregionaldigital.info\/index.php?rest_route=\/wp\/v2\/users\/1"}],"replies":[{"embeddable":true,"href":"https:\/\/elregionaldigital.info\/index.php?rest_route=%2Fwp%2Fv2%2Fcomments&post=4158"}],"version-history":[{"count":1,"href":"https:\/\/elregionaldigital.info\/index.php?rest_route=\/wp\/v2\/posts\/4158\/revisions"}],"predecessor-version":[{"id":4160,"href":"https:\/\/elregionaldigital.info\/index.php?rest_route=\/wp\/v2\/posts\/4158\/revisions\/4160"}],"wp:featuredmedia":[{"embeddable":true,"href":"https:\/\/elregionaldigital.info\/index.php?rest_route=\/wp\/v2\/media\/4159"}],"wp:attachment":[{"href":"https:\/\/elregionaldigital.info\/index.php?rest_route=%2Fwp%2Fv2%2Fmedia&parent=4158"}],"wp:term":[{"taxonomy":"category","embeddable":true,"href":"https:\/\/elregionaldigital.info\/index.php?rest_route=%2Fwp%2Fv2%2Fcategories&post=4158"},{"taxonomy":"post_tag","embeddable":true,"href":"https:\/\/elregionaldigital.info\/index.php?rest_route=%2Fwp%2Fv2%2Ftags&post=4158"}],"curies":[{"name":"wp","href":"https:\/\/api.w.org\/{rel}","templated":true}]}}