{"id":4152,"date":"2025-02-15T01:47:05","date_gmt":"2025-02-15T01:47:05","guid":{"rendered":"https:\/\/elregionaldigital.info\/?p=4152"},"modified":"2025-02-17T01:47:30","modified_gmt":"2025-02-17T01:47:30","slug":"la-uat-fortalece-lazos-de-fraternidad-con-la-cabalgata-de-la-amistad-2025","status":"publish","type":"post","link":"https:\/\/elregionaldigital.info\/?p=4152","title":{"rendered":"La UAT fortalece lazos de fraternidad con la Cabalgata de la Amistad 2025"},"content":{"rendered":"\n<p><br>Para reforzar los lazos de fraternidad y compa\u00f1erismo, el rector de la Universidad<br>Aut\u00f3noma de Tamaulipas (UAT), D\u00e1maso Anaya Alvarado, encabez\u00f3 la Cabalgata de la<br>Amistad 2025, un evento que promueve las tradiciones y la sana convivencia entre la<br>comunidad universitaria y la sociedad en general.<br>Durante la jornada ecuestre, el rector destac\u00f3 la importancia de preservar estas<br>tradiciones que fomentan la uni\u00f3n y el sentido de pertenencia dentro de la comunidad.<br>La actividad fue organizada por la Facultad de Medicina Veterinaria y Zootecnia \u201cDr.<br>Norberto Trevi\u00f1o Zapata\u201d (FMVZ) y la Facultad de Ingenier\u00eda y Ciencias (FIC), con la<br>participaci\u00f3n de sus respectivos directores, Flaviano Benavides Gonz\u00e1lez y Vicente Paul<br>Sald\u00edvar Alonso, quienes se sumaron al recorrido con los cabalgantes.<br>La cabalgata inici\u00f3 en las instalaciones del Centro Universitario Victoria y se extendi\u00f3 a lo<br>largo de 10.5 kil\u00f3metros, pasando por un trayecto de la v\u00eda del ferrocarril y diversos<br>sectores de la zona sur de la capital, hasta concluir en la FMVZ.<br>Como parte del cierre del evento, los asistentes disfrutaron de un ameno convivio en<br>donde participaron diversos grupos art\u00edsticos de la UAT que ofrecieron un repertorio de<br>m\u00fasica y danza tradicional.<br>En representaci\u00f3n de los organizadores, el director de la Facultad de Veterinaria, Flaviano<br>Benavides, dirigi\u00f3 un mensaje de agradecimiento a los participantes, resaltando el valor<br>de estas iniciativas para fortalecer la identidad universitaria y la colaboraci\u00f3n entre los<br>distintos sectores de la comunidad.<\/p>\n","protected":false},"excerpt":{"rendered":"<p>Para reforzar los lazos de fraternidad y compa\u00f1erismo, el rector de la UniversidadAut\u00f3noma de Tamaulipas (UAT), D\u00e1maso Anaya Alvarado, encabez\u00f3 la Cabalgata de laAmistad 2025, un evento que promueve las tradiciones y la sana convivencia entre lacomunidad universitaria y la sociedad en general.Durante la jornada ecuestre, el rector destac\u00f3 la importancia de preservar estastradiciones que [&hellip;]<\/p>\n","protected":false},"author":1,"featured_media":4153,"comment_status":"open","ping_status":"open","sticky":false,"template":"","format":"standard","meta":{"footnotes":""},"categories":[4],"tags":[],"class_list":["post-4152","post","type-post","status-publish","format-standard","has-post-thumbnail","hentry","category-universidades"],"blog_post_layout_featured_media_urls":{"thumbnail":["https:\/\/elregionaldigital.info\/wp-content\/uploads\/2025\/02\/4-2-150x150.jpg",150,150,true],"full":["https:\/\/elregionaldigital.info\/wp-content\/uploads\/2025\/02\/4-2-scaled.jpg",2560,1677,false]},"categories_names":{"4":{"name":"Universidades","link":"https:\/\/elregionaldigital.info\/?cat=4"}},"tags_names":[],"comments_number":"0","wpmagazine_modules_lite_featured_media_urls":{"thumbnail":["https:\/\/elregionaldigital.info\/wp-content\/uploads\/2025\/02\/4-2-150x150.jpg",150,150,true],"cvmm-medium":["https:\/\/elregionaldigital.info\/wp-content\/uploads\/2025\/02\/4-2-300x300.jpg",300,300,true],"cvmm-medium-plus":["https:\/\/elregionaldigital.info\/wp-content\/uploads\/2025\/02\/4-2-305x207.jpg",305,207,true],"cvmm-portrait":["https:\/\/elregionaldigital.info\/wp-content\/uploads\/2025\/02\/4-2-400x600.jpg",400,600,true],"cvmm-medium-square":["https:\/\/elregionaldigital.info\/wp-content\/uploads\/2025\/02\/4-2-600x600.jpg",600,600,true],"cvmm-large":["https:\/\/elregionaldigital.info\/wp-content\/uploads\/2025\/02\/4-2-1024x1024.jpg",1024,1024,true],"cvmm-small":["https:\/\/elregionaldigital.info\/wp-content\/uploads\/2025\/02\/4-2-130x95.jpg",130,95,true],"full":["https:\/\/elregionaldigital.info\/wp-content\/uploads\/2025\/02\/4-2-scaled.jpg",2560,1677,false]},"_links":{"self":[{"href":"https:\/\/elregionaldigital.info\/index.php?rest_route=\/wp\/v2\/posts\/4152","targetHints":{"allow":["GET"]}}],"collection":[{"href":"https:\/\/elregionaldigital.info\/index.php?rest_route=\/wp\/v2\/posts"}],"about":[{"href":"https:\/\/elregionaldigital.info\/index.php?rest_route=\/wp\/v2\/types\/post"}],"author":[{"embeddable":true,"href":"https:\/\/elregionaldigital.info\/index.php?rest_route=\/wp\/v2\/users\/1"}],"replies":[{"embeddable":true,"href":"https:\/\/elregionaldigital.info\/index.php?rest_route=%2Fwp%2Fv2%2Fcomments&post=4152"}],"version-history":[{"count":1,"href":"https:\/\/elregionaldigital.info\/index.php?rest_route=\/wp\/v2\/posts\/4152\/revisions"}],"predecessor-version":[{"id":4154,"href":"https:\/\/elregionaldigital.info\/index.php?rest_route=\/wp\/v2\/posts\/4152\/revisions\/4154"}],"wp:featuredmedia":[{"embeddable":true,"href":"https:\/\/elregionaldigital.info\/index.php?rest_route=\/wp\/v2\/media\/4153"}],"wp:attachment":[{"href":"https:\/\/elregionaldigital.info\/index.php?rest_route=%2Fwp%2Fv2%2Fmedia&parent=4152"}],"wp:term":[{"taxonomy":"category","embeddable":true,"href":"https:\/\/elregionaldigital.info\/index.php?rest_route=%2Fwp%2Fv2%2Fcategories&post=4152"},{"taxonomy":"post_tag","embeddable":true,"href":"https:\/\/elregionaldigital.info\/index.php?rest_route=%2Fwp%2Fv2%2Ftags&post=4152"}],"curies":[{"name":"wp","href":"https:\/\/api.w.org\/{rel}","templated":true}]}}