{"id":4143,"date":"2025-02-13T14:05:38","date_gmt":"2025-02-13T14:05:38","guid":{"rendered":"https:\/\/elregionaldigital.info\/?p=4143"},"modified":"2025-02-14T14:06:03","modified_gmt":"2025-02-14T14:06:03","slug":"rector-de-la-uat-y-universitarios-conviven-en-jornada-estudiantil","status":"publish","type":"post","link":"https:\/\/elregionaldigital.info\/?p=4143","title":{"rendered":"Rector de la UAT y universitarios conviven en jornada estudiantil"},"content":{"rendered":"\n<p><\/p>\n\n\n\n<p><br>En un ambiente de cercan\u00eda y unidad, el rector de la Universidad Aut\u00f3noma de Tamaulipas<br>(UAT), D\u00e1maso Anaya Alvarado, comparti\u00f3 una jornada de convivencia con estudiantes de<br>la Facultad de Comercio y Administraci\u00f3n Victoria (FCAV), enfocada en resaltar las diversas<br>\u00e1reas de desarrollo acad\u00e9mico, deportivo y emprendedor.<br>Acompa\u00f1ado por su esposa, Isolda Rend\u00f3n de Anaya, presidenta de Familia UAT, y del<br>director de la Facultad, Jes\u00fas Gerardo Delgado Rivas, el rector reiter\u00f3 el compromiso de<br>fortalecer el v\u00ednculo con la comunidad estudiantil y brindarles oportunidades de<br>crecimiento para su formaci\u00f3n integral.<br>La jornada inici\u00f3 con la presentaci\u00f3n de seis estudiantes de las licenciaturas en<br>Administraci\u00f3n y Econom\u00eda y Desarrollo Sustentable, quienes realizar\u00e1n una movilidad<br>acad\u00e9mica en la Universidad de Santiago de Chile, del 24 de febrero al 18 de julio de 2025,<br>representando a la UAT en el \u00e1mbito internacional.<br>A nombre de sus compa\u00f1eros, el alumno Luis Mario Garc\u00eda Ochoa agradeci\u00f3 el respaldo<br>de la Universidad y del rector por esta oportunidad de crecimiento y formaci\u00f3n.<br>En este marco, el Consejo T\u00e9cnico de la FCAV, representado por estudiantes y docentes, le<br>expres\u00f3 un reconocimiento al rector por fortalecer las funciones sustantivas de la UAT con<br>una visi\u00f3n humanista y transformadora, e impulsar la creaci\u00f3n de espacios dignos e<br>inclusivos para el alumnado.<br>En la ceremonia, el rector hizo entrega simb\u00f3lica de uniformes y hombreras a los<br>integrantes del equipo de f\u00fatbol americano de esta Facultad, quienes, a su vez,<br>entregaron al rector y a su esposa, el jersey representativo del equipo, en reconocimiento<br>por su respaldo al deporte universitario.<br>Posteriormente, encabez\u00f3 la entrega de veinti\u00fan trofeos a los equipos de esta instituci\u00f3n<br>acad\u00e9mica que obtuvieron los primeros lugares en el Torneo Interfacultades 2024,<br>destacando en disciplinas como b\u00e1squetbol, p\u00e1del, tenis, voleibol, futbol bardas, soccer,<\/p>\n\n\n\n<p>atletismo, baloncesto, tenis de mesa y tochito.<br>Como parte de esta jornada, se llev\u00f3 a cabo la presentaci\u00f3n de cincuenta y cuatro<br>m\u00f3dulos del proyecto \u201cEmprende FCAV Edici\u00f3n San Valent\u00edn\u201d, una iniciativa que busca<br>fomentar la creatividad y el esp\u00edritu emprendedor entre los estudiantes.<br>El rector y su esposa hicieron un recorrido por la exposici\u00f3n de productos, destac\u00e1ndose la<br>importancia de promover este espacio de convivencia, que permite a la juventud<br>universitaria exponer sus proyectos, generando un ambiente de colaboraci\u00f3n y<br>aprendizaje que fortalece la cultura emprendedora dentro de la UAT.<\/p>\n","protected":false},"excerpt":{"rendered":"<p>En un ambiente de cercan\u00eda y unidad, el rector de la Universidad Aut\u00f3noma de Tamaulipas(UAT), D\u00e1maso Anaya Alvarado, comparti\u00f3 una jornada de convivencia con estudiantes dela Facultad de Comercio y Administraci\u00f3n Victoria (FCAV), enfocada en resaltar las diversas\u00e1reas de desarrollo acad\u00e9mico, deportivo y emprendedor.Acompa\u00f1ado por su esposa, Isolda Rend\u00f3n de Anaya, presidenta de Familia UAT, [&hellip;]<\/p>\n","protected":false},"author":1,"featured_media":4144,"comment_status":"open","ping_status":"open","sticky":false,"template":"","format":"standard","meta":{"footnotes":""},"categories":[4],"tags":[],"class_list":["post-4143","post","type-post","status-publish","format-standard","has-post-thumbnail","hentry","category-universidades"],"blog_post_layout_featured_media_urls":{"thumbnail":["https:\/\/elregionaldigital.info\/wp-content\/uploads\/2025\/02\/5-150x150.jpg",150,150,true],"full":["https:\/\/elregionaldigital.info\/wp-content\/uploads\/2025\/02\/5-scaled.jpg",2560,1707,false]},"categories_names":{"4":{"name":"Universidades","link":"https:\/\/elregionaldigital.info\/?cat=4"}},"tags_names":[],"comments_number":"0","wpmagazine_modules_lite_featured_media_urls":{"thumbnail":["https:\/\/elregionaldigital.info\/wp-content\/uploads\/2025\/02\/5-150x150.jpg",150,150,true],"cvmm-medium":["https:\/\/elregionaldigital.info\/wp-content\/uploads\/2025\/02\/5-300x300.jpg",300,300,true],"cvmm-medium-plus":["https:\/\/elregionaldigital.info\/wp-content\/uploads\/2025\/02\/5-305x207.jpg",305,207,true],"cvmm-portrait":["https:\/\/elregionaldigital.info\/wp-content\/uploads\/2025\/02\/5-400x600.jpg",400,600,true],"cvmm-medium-square":["https:\/\/elregionaldigital.info\/wp-content\/uploads\/2025\/02\/5-600x600.jpg",600,600,true],"cvmm-large":["https:\/\/elregionaldigital.info\/wp-content\/uploads\/2025\/02\/5-1024x1024.jpg",1024,1024,true],"cvmm-small":["https:\/\/elregionaldigital.info\/wp-content\/uploads\/2025\/02\/5-130x95.jpg",130,95,true],"full":["https:\/\/elregionaldigital.info\/wp-content\/uploads\/2025\/02\/5-scaled.jpg",2560,1707,false]},"_links":{"self":[{"href":"https:\/\/elregionaldigital.info\/index.php?rest_route=\/wp\/v2\/posts\/4143","targetHints":{"allow":["GET"]}}],"collection":[{"href":"https:\/\/elregionaldigital.info\/index.php?rest_route=\/wp\/v2\/posts"}],"about":[{"href":"https:\/\/elregionaldigital.info\/index.php?rest_route=\/wp\/v2\/types\/post"}],"author":[{"embeddable":true,"href":"https:\/\/elregionaldigital.info\/index.php?rest_route=\/wp\/v2\/users\/1"}],"replies":[{"embeddable":true,"href":"https:\/\/elregionaldigital.info\/index.php?rest_route=%2Fwp%2Fv2%2Fcomments&post=4143"}],"version-history":[{"count":1,"href":"https:\/\/elregionaldigital.info\/index.php?rest_route=\/wp\/v2\/posts\/4143\/revisions"}],"predecessor-version":[{"id":4145,"href":"https:\/\/elregionaldigital.info\/index.php?rest_route=\/wp\/v2\/posts\/4143\/revisions\/4145"}],"wp:featuredmedia":[{"embeddable":true,"href":"https:\/\/elregionaldigital.info\/index.php?rest_route=\/wp\/v2\/media\/4144"}],"wp:attachment":[{"href":"https:\/\/elregionaldigital.info\/index.php?rest_route=%2Fwp%2Fv2%2Fmedia&parent=4143"}],"wp:term":[{"taxonomy":"category","embeddable":true,"href":"https:\/\/elregionaldigital.info\/index.php?rest_route=%2Fwp%2Fv2%2Fcategories&post=4143"},{"taxonomy":"post_tag","embeddable":true,"href":"https:\/\/elregionaldigital.info\/index.php?rest_route=%2Fwp%2Fv2%2Ftags&post=4143"}],"curies":[{"name":"wp","href":"https:\/\/api.w.org\/{rel}","templated":true}]}}