{"id":4134,"date":"2025-02-10T14:01:48","date_gmt":"2025-02-10T14:01:48","guid":{"rendered":"https:\/\/elregionaldigital.info\/?p=4134"},"modified":"2025-02-12T14:02:31","modified_gmt":"2025-02-12T14:02:31","slug":"la-uat-y-la-utrgv-organizan-encuentro-binacional-sobre-estudios-de-frontera","status":"publish","type":"post","link":"https:\/\/elregionaldigital.info\/?p=4134","title":{"rendered":"La UAT y la UTRGV organizan encuentro binacional sobre Estudios de Frontera"},"content":{"rendered":"\n<p><\/p>\n\n\n\n<p>La Universidad Aut\u00f3noma de Tamaulipas (UAT) a trav\u00e9s de la Unidad Acad\u00e9mica<br>Multidisciplinaria Matamoros, en colaboraci\u00f3n con la Universidad de Texas Valle del Rio<br>Grande (UTRGV, por sus siglas en ingl\u00e9s) llevar\u00e1 a el 7\u00ba. Congreso Internacional de<br>Estudios de Frontera \u201cComplejidades Fronterizas\u201d, del 19 al 21 de febrero de 2025.<br>Con un enfoque multidisciplinario y la participaci\u00f3n de casi un centenar de acad\u00e9micos<br>provenientes de alrededor de 30 instituciones nacionales e internacionales, este congreso<br>se ha consolidado como un referente en el an\u00e1lisis de las din\u00e1micas fronterizas,<br>abordando los retos y oportunidades que enfrentan las comunidades situadas en estas<br>regiones.<br>En esta s\u00e9ptima edici\u00f3n, el congreso busca replantear metodolog\u00edas de estudios<br>fronterizos, reconociendo la creciente complejidad que caracteriza a estos territorios.<br>La jornada inaugural es el 19 de febrero, en Matamoros, Tamaulipas, para continuar los<br>d\u00edas 20 y 21, en la ciudad de Edinburg, Texas, con ponencias, paneles, mesas redondas y<br>exposici\u00f3n de proyectos sobre temas de las fronteras desde una perspectiva<br>multidisciplinaria.<br>La participaci\u00f3n de la UAT destaca por la intervenci\u00f3n de sus investigadores en<br>exposiciones sobre econom\u00eda, pol\u00edtica y el contexto global, con enfoques en fronteras<br>internacionales, medio ambiente, tecnolog\u00eda, salud y migraci\u00f3n.<br>El Congreso Internacional de Estudios de Frontera representa una plataforma de di\u00e1logo y<br>colaboraci\u00f3n que permite el intercambio de conocimientos y experiencias entre<br>investigadores, acad\u00e9micos, estudiantes y especialistas en la materia.<br>La cercan\u00eda geogr\u00e1fica entre M\u00e9xico y Estados Unidos, y la estrecha relaci\u00f3n entre la UAT y<br>la UTRGV, hacen de este foro un espacio id\u00f3neo para el an\u00e1lisis de los desaf\u00edos y<\/p>\n\n\n\n<p>oportunidades que emergen en las regiones fronterizas.<br>A lo largo de sus anteriores ediciones, este congreso ha generado redes de investigaci\u00f3n y<br>cooperaci\u00f3n acad\u00e9mica que han dado lugar a publicaciones, proyectos conjuntos y<br>estrategias para la comprensi\u00f3n y soluci\u00f3n de problem\u00e1ticas en la frontera.<\/p>\n","protected":false},"excerpt":{"rendered":"<p>La Universidad Aut\u00f3noma de Tamaulipas (UAT) a trav\u00e9s de la Unidad Acad\u00e9micaMultidisciplinaria Matamoros, en colaboraci\u00f3n con la Universidad de Texas Valle del RioGrande (UTRGV, por sus siglas en ingl\u00e9s) llevar\u00e1 a el 7\u00ba. Congreso Internacional deEstudios de Frontera \u201cComplejidades Fronterizas\u201d, del 19 al 21 de febrero de 2025.Con un enfoque multidisciplinario y la participaci\u00f3n de [&hellip;]<\/p>\n","protected":false},"author":1,"featured_media":4135,"comment_status":"open","ping_status":"open","sticky":false,"template":"","format":"standard","meta":{"footnotes":""},"categories":[4],"tags":[],"class_list":["post-4134","post","type-post","status-publish","format-standard","has-post-thumbnail","hentry","category-universidades"],"blog_post_layout_featured_media_urls":{"thumbnail":["https:\/\/elregionaldigital.info\/wp-content\/uploads\/2025\/02\/foto-1-UTRGV-1-150x150.jpg",150,150,true],"full":["https:\/\/elregionaldigital.info\/wp-content\/uploads\/2025\/02\/foto-1-UTRGV-1-scaled.jpg",2560,1707,false]},"categories_names":{"4":{"name":"Universidades","link":"https:\/\/elregionaldigital.info\/?cat=4"}},"tags_names":[],"comments_number":"0","wpmagazine_modules_lite_featured_media_urls":{"thumbnail":["https:\/\/elregionaldigital.info\/wp-content\/uploads\/2025\/02\/foto-1-UTRGV-1-150x150.jpg",150,150,true],"cvmm-medium":["https:\/\/elregionaldigital.info\/wp-content\/uploads\/2025\/02\/foto-1-UTRGV-1-300x300.jpg",300,300,true],"cvmm-medium-plus":["https:\/\/elregionaldigital.info\/wp-content\/uploads\/2025\/02\/foto-1-UTRGV-1-305x207.jpg",305,207,true],"cvmm-portrait":["https:\/\/elregionaldigital.info\/wp-content\/uploads\/2025\/02\/foto-1-UTRGV-1-400x600.jpg",400,600,true],"cvmm-medium-square":["https:\/\/elregionaldigital.info\/wp-content\/uploads\/2025\/02\/foto-1-UTRGV-1-600x600.jpg",600,600,true],"cvmm-large":["https:\/\/elregionaldigital.info\/wp-content\/uploads\/2025\/02\/foto-1-UTRGV-1-1024x1024.jpg",1024,1024,true],"cvmm-small":["https:\/\/elregionaldigital.info\/wp-content\/uploads\/2025\/02\/foto-1-UTRGV-1-130x95.jpg",130,95,true],"full":["https:\/\/elregionaldigital.info\/wp-content\/uploads\/2025\/02\/foto-1-UTRGV-1-scaled.jpg",2560,1707,false]},"_links":{"self":[{"href":"https:\/\/elregionaldigital.info\/index.php?rest_route=\/wp\/v2\/posts\/4134","targetHints":{"allow":["GET"]}}],"collection":[{"href":"https:\/\/elregionaldigital.info\/index.php?rest_route=\/wp\/v2\/posts"}],"about":[{"href":"https:\/\/elregionaldigital.info\/index.php?rest_route=\/wp\/v2\/types\/post"}],"author":[{"embeddable":true,"href":"https:\/\/elregionaldigital.info\/index.php?rest_route=\/wp\/v2\/users\/1"}],"replies":[{"embeddable":true,"href":"https:\/\/elregionaldigital.info\/index.php?rest_route=%2Fwp%2Fv2%2Fcomments&post=4134"}],"version-history":[{"count":1,"href":"https:\/\/elregionaldigital.info\/index.php?rest_route=\/wp\/v2\/posts\/4134\/revisions"}],"predecessor-version":[{"id":4136,"href":"https:\/\/elregionaldigital.info\/index.php?rest_route=\/wp\/v2\/posts\/4134\/revisions\/4136"}],"wp:featuredmedia":[{"embeddable":true,"href":"https:\/\/elregionaldigital.info\/index.php?rest_route=\/wp\/v2\/media\/4135"}],"wp:attachment":[{"href":"https:\/\/elregionaldigital.info\/index.php?rest_route=%2Fwp%2Fv2%2Fmedia&parent=4134"}],"wp:term":[{"taxonomy":"category","embeddable":true,"href":"https:\/\/elregionaldigital.info\/index.php?rest_route=%2Fwp%2Fv2%2Fcategories&post=4134"},{"taxonomy":"post_tag","embeddable":true,"href":"https:\/\/elregionaldigital.info\/index.php?rest_route=%2Fwp%2Fv2%2Ftags&post=4134"}],"curies":[{"name":"wp","href":"https:\/\/api.w.org\/{rel}","templated":true}]}}