{"id":4131,"date":"2025-02-05T16:31:24","date_gmt":"2025-02-05T16:31:24","guid":{"rendered":"https:\/\/elregionaldigital.info\/?p=4131"},"modified":"2025-02-10T16:31:47","modified_gmt":"2025-02-10T16:31:47","slug":"secretaria-de-economia-publica-decreto-que-termina-prohibicion-de-maiz-transgenico-en-mexico","status":"publish","type":"post","link":"https:\/\/elregionaldigital.info\/?p=4131","title":{"rendered":"\u00a0Secretar\u00eda de Econom\u00eda publica decreto que termina prohibici\u00f3n de ma\u00edz transg\u00e9nico en M\u00e9xico"},"content":{"rendered":"\n<p><a href=\"https:\/\/laverdad.com.mx\/wp-content\/uploads\/2025\/02\/6ma.jpg\"><\/a><\/p>\n\n\n\n<p>La Secretar\u00eda de Econom\u00eda, que encabeza Marcelo Ebrard, retir\u00f3 oficialmente la prohibici\u00f3n del decreto a trav\u00e9s del Diario Oficial de la Federaci\u00f3n.<\/p>\n\n\n\n<p>Se deja sin efectos la aplicaci\u00f3n de los art\u00edculos Sexto, fracci\u00f3n II, S\u00e9ptimo y Octavo, del Decreto por el que se establecen diversas acciones en materia de glifosato y ma\u00edz gen\u00e9ticamente modificado, publicado en el Diario Oficial de la Federaci\u00f3n el 13 de febrero de 2023. El presente Acuerdo entra en vigor el d\u00eda de su publicaci\u00f3n en el Diario Oficial de la Federaci\u00f3n\u201d, estipula el documento.<\/p>\n\n\n\n<p>En diciembre pasado, el panel del T-MEC estuvo de acuerdo con Estados Unidos en las siete reclamaciones legales que ese pa\u00eds realiz\u00f3 y concluy\u00f3 que las medidas que M\u00e9xico buscaba para impedir la compra de ma\u00edz transg\u00e9nico no se basaban en ciencia y socavaban el acceso al mercado que acord\u00f3 proporcional en el acuerdo.<\/p>\n\n\n\n<p>En 2020, M\u00e9xico emiti\u00f3 un decreto inicial que prohib\u00eda adquirir, utilizar, distribuir, promover e importar ma\u00edz gen\u00e9ticamente modificado para consumo humano, as\u00ed como glifosato o agroqu\u00edmicos que lo contuvieran como ingrediente activo.<\/p>\n\n\n\n<p>Estados Unidos se\u00f1al\u00f3 tras la resoluci\u00f3n del panel que las medidas de M\u00e9xico contradec\u00edan d\u00e9cadas de evidencia que demostraban la seguridad de la biotecnolog\u00eda agr\u00edcola, respaldada por sistemas de revisi\u00f3n regulatoria basados en la ciencia y el riesgo. La decisi\u00f3n garantiza que los productores y exportadores estadunidenses seguir\u00e1n teniendo acceso al mercado mexicano<\/p>\n","protected":false},"excerpt":{"rendered":"<p>La Secretar\u00eda de Econom\u00eda, que encabeza Marcelo Ebrard, retir\u00f3 oficialmente la prohibici\u00f3n del decreto a trav\u00e9s del Diario Oficial de la Federaci\u00f3n. Se deja sin efectos la aplicaci\u00f3n de los art\u00edculos Sexto, fracci\u00f3n II, S\u00e9ptimo y Octavo, del Decreto por el que se establecen diversas acciones en materia de glifosato y ma\u00edz gen\u00e9ticamente modificado, publicado [&hellip;]<\/p>\n","protected":false},"author":1,"featured_media":4132,"comment_status":"open","ping_status":"open","sticky":false,"template":"","format":"standard","meta":{"footnotes":""},"categories":[5],"tags":[],"class_list":["post-4131","post","type-post","status-publish","format-standard","has-post-thumbnail","hentry","category-nacional"],"blog_post_layout_featured_media_urls":{"thumbnail":["https:\/\/elregionaldigital.info\/wp-content\/uploads\/2025\/02\/6ma-750x422-1-150x150.jpg",150,150,true],"full":["https:\/\/elregionaldigital.info\/wp-content\/uploads\/2025\/02\/6ma-750x422-1.jpg",750,422,false]},"categories_names":{"5":{"name":"Nacional","link":"https:\/\/elregionaldigital.info\/?cat=5"}},"tags_names":[],"comments_number":"0","wpmagazine_modules_lite_featured_media_urls":{"thumbnail":["https:\/\/elregionaldigital.info\/wp-content\/uploads\/2025\/02\/6ma-750x422-1-150x150.jpg",150,150,true],"cvmm-medium":["https:\/\/elregionaldigital.info\/wp-content\/uploads\/2025\/02\/6ma-750x422-1-300x300.jpg",300,300,true],"cvmm-medium-plus":["https:\/\/elregionaldigital.info\/wp-content\/uploads\/2025\/02\/6ma-750x422-1-305x207.jpg",305,207,true],"cvmm-portrait":["https:\/\/elregionaldigital.info\/wp-content\/uploads\/2025\/02\/6ma-750x422-1-400x422.jpg",400,422,true],"cvmm-medium-square":["https:\/\/elregionaldigital.info\/wp-content\/uploads\/2025\/02\/6ma-750x422-1-600x422.jpg",600,422,true],"cvmm-large":["https:\/\/elregionaldigital.info\/wp-content\/uploads\/2025\/02\/6ma-750x422-1.jpg",750,422,false],"cvmm-small":["https:\/\/elregionaldigital.info\/wp-content\/uploads\/2025\/02\/6ma-750x422-1-130x95.jpg",130,95,true],"full":["https:\/\/elregionaldigital.info\/wp-content\/uploads\/2025\/02\/6ma-750x422-1.jpg",750,422,false]},"_links":{"self":[{"href":"https:\/\/elregionaldigital.info\/index.php?rest_route=\/wp\/v2\/posts\/4131","targetHints":{"allow":["GET"]}}],"collection":[{"href":"https:\/\/elregionaldigital.info\/index.php?rest_route=\/wp\/v2\/posts"}],"about":[{"href":"https:\/\/elregionaldigital.info\/index.php?rest_route=\/wp\/v2\/types\/post"}],"author":[{"embeddable":true,"href":"https:\/\/elregionaldigital.info\/index.php?rest_route=\/wp\/v2\/users\/1"}],"replies":[{"embeddable":true,"href":"https:\/\/elregionaldigital.info\/index.php?rest_route=%2Fwp%2Fv2%2Fcomments&post=4131"}],"version-history":[{"count":1,"href":"https:\/\/elregionaldigital.info\/index.php?rest_route=\/wp\/v2\/posts\/4131\/revisions"}],"predecessor-version":[{"id":4133,"href":"https:\/\/elregionaldigital.info\/index.php?rest_route=\/wp\/v2\/posts\/4131\/revisions\/4133"}],"wp:featuredmedia":[{"embeddable":true,"href":"https:\/\/elregionaldigital.info\/index.php?rest_route=\/wp\/v2\/media\/4132"}],"wp:attachment":[{"href":"https:\/\/elregionaldigital.info\/index.php?rest_route=%2Fwp%2Fv2%2Fmedia&parent=4131"}],"wp:term":[{"taxonomy":"category","embeddable":true,"href":"https:\/\/elregionaldigital.info\/index.php?rest_route=%2Fwp%2Fv2%2Fcategories&post=4131"},{"taxonomy":"post_tag","embeddable":true,"href":"https:\/\/elregionaldigital.info\/index.php?rest_route=%2Fwp%2Fv2%2Ftags&post=4131"}],"curies":[{"name":"wp","href":"https:\/\/api.w.org\/{rel}","templated":true}]}}