{"id":4128,"date":"2025-02-04T15:26:42","date_gmt":"2025-02-04T15:26:42","guid":{"rendered":"https:\/\/elregionaldigital.info\/?p=4128"},"modified":"2025-02-10T15:27:29","modified_gmt":"2025-02-10T15:27:29","slug":"los-equipos-que-han-mostrado-la-cara-en-el-clausura-2025-de-la-liga-mx","status":"publish","type":"post","link":"https:\/\/elregionaldigital.info\/?p=4128","title":{"rendered":"Los equipos que han mostrado la cara en el Clausura 2025 de la Liga MX"},"content":{"rendered":"\n<p><a href=\"https:\/\/laverdad.com.mx\/wp-content\/uploads\/2025\/02\/henry.jpg\"><\/a><\/p>\n\n\n\n<p>La Liga MX vive todas las emociones del Torneo Clausura 2025, y los equipos han dado algunas muestras de que pueden encarar el certamen en las mejores condiciones posibles. A diferencia de otros mercados de transferencias, en este semestre fueron pocos los clubes que hicieron movimientos significativos en sus plantillas, manteni\u00e9ndose en gran medida la base del torneo anterior.<\/p>\n\n\n\n<p>El actual tricampe\u00f3n del f\u00fatbol mexicano buscar\u00e1 seguir haciendo historia al aspirar al tetracampeonato, una haza\u00f1a que lo consolidar\u00eda a\u00fan m\u00e1s como el equipo m\u00e1s dominante de la era reciente.<\/p>\n\n\n\n<p>Bajo la direcci\u00f3n del brasile\u00f1o Andr\u00e9 Jardine, las \u00c1guilas han mantenido la base que les ha permitido dominar la liga, sin realizar incorporaciones pero tampoco sufriendo bajas sensibles, salvo la salida de Iv\u00e1n Rodr\u00edguez. La continuidad del plantel y el conocimiento del sistema de juego hacen del Am\u00e9rica el rival a vencer.<\/p>\n\n\n\n<ol start=\"2\" class=\"wp-block-list\">\n<li>CRUZ AZUL<\/li>\n<\/ol>\n\n\n\n<p>La M\u00e1quina tuvo una destacada fase regular en el Apertura 2024, logrando un r\u00e9cord hist\u00f3rico de puntos, pero su afici\u00f3n qued\u00f3 con la espina clavada tras la eliminaci\u00f3n en semifinales ante su ac\u00e9rrimo rival.<\/p>\n\n\n\n<p>Si bien la salida de Mart\u00edn Anselmi del banquillo dej\u00f3 mucha incertidumbre, Cruz Azul se mantiene como un fuerte aspirante al t\u00edtulo bajo el interinato de Vicente S\u00e1nchez.<\/p>\n\n\n\n<p>La estabilidad del equipo y el estilo de juego consolidado le dan una gran ventaja. El reto para los cementeros ser\u00e1 demostrar que pueden competir al m\u00e1ximo nivel en los momentos clave.<\/p>\n\n\n\n<ol start=\"3\" class=\"wp-block-list\">\n<li>TOLUCA<\/li>\n<\/ol>\n\n\n\n<p>Los Diablos Rojos fueron una de las grandes decepciones en la Liguilla pasada, ya que, tras una fase regular prometedora, se esperaba que fueran un serio contendiente por el t\u00edtulo. Sin embargo, la inconsistencia y la falta de direcci\u00f3n clara con Renato Paiva los llevaron a una eliminaci\u00f3n prematura.<\/p>\n\n\n\n<p>Ahora, con Antonio Mohamed al mando, un t\u00e9cnico con experiencia y t\u00edtulos en M\u00e9xico, Toluca busca dar un golpe de autoridad. Adem\u00e1s, ha sido uno de los pocos equipos que s\u00ed ha reforzado su plantel con jugadores como Diego Barbosa, Antonio Brise\u00f1o y H\u00e9ctor Herrera, lo que les da herramientas para pelear en los primeros puestos.<\/p>\n\n\n\n<ol start=\"4\" class=\"wp-block-list\">\n<li>PACHUCA<\/li>\n<\/ol>\n\n\n\n<p>Los Tuzos llegan con credenciales de peso tras su notable desempe\u00f1o en la Copa Intercontinental, donde lograron vencer al Botafogo y al Al-Ahly, adem\u00e1s de plantarle cara al Real Madrid.<\/p>\n\n\n\n<p>Con Guillermo Almada como estratega y en su \u00faltimo torneo al frente del equipo, Pachuca sigue apostando por el talento joven, encabezado por El\u00edas Montiel, y complementado con la experiencia de jugadores como Salom\u00f3n Rond\u00f3n, Gustavo Cabral y Oussama Idrissi.<\/p>\n\n\n\n<p>Tambi\u00e9n han sumado refuerzos como Ponchito Gonz\u00e1lez y \u00c1ngel Mena, lo que los convierte en un equipo equilibrado y peligroso. No obstante, la posible salida del colombiano Nelson Deossa podr\u00eda representar un golpe a la estructura del equipo.<\/p>\n\n\n\n<ol start=\"5\" class=\"wp-block-list\">\n<li>RAYADOS<\/li>\n<\/ol>\n\n\n\n<p>El subcampe\u00f3n del torneo anterior se mantiene como un serio contendiente. Aunque Monterrey logr\u00f3 llegar a la final, su desempe\u00f1o en la Liguilla dej\u00f3 muchas dudas, especialmente en sus series ante San Luis y Pumas.<\/p>\n\n\n\n<p>Sin embargo, con m\u00e1s tiempo de trabajo y ajustes t\u00e1cticos, Mart\u00edn Demichelis tendr\u00e1 la oportunidad de fortalecer al equipo. Adem\u00e1s, las lesiones que afectaron a varios jugadores clave parecen haber quedado atr\u00e1s, lo que permitir\u00e1 ver una versi\u00f3n m\u00e1s completa del equipo.<\/p>\n\n\n\n<p>En cuanto a movimientos, Rayados ha sumado a Luis \u2018Hueso\u2019 Reyes y ha mantenido a Alfonso \u2018Pl\u00e1tano\u2019 Alvarado, aunque ha perdido a \u00c9rick Aguirre, quien se march\u00f3 al Baj\u00edo, y a Brandon V\u00e1zquez, que apunta a volver a la MLS.<\/p>\n","protected":false},"excerpt":{"rendered":"<p>La Liga MX vive todas las emociones del Torneo Clausura 2025, y los equipos han dado algunas muestras de que pueden encarar el certamen en las mejores condiciones posibles. A diferencia de otros mercados de transferencias, en este semestre fueron pocos los clubes que hicieron movimientos significativos en sus plantillas, manteni\u00e9ndose en gran medida la [&hellip;]<\/p>\n","protected":false},"author":1,"featured_media":4129,"comment_status":"open","ping_status":"open","sticky":false,"template":"","format":"standard","meta":{"footnotes":""},"categories":[6],"tags":[],"class_list":["post-4128","post","type-post","status-publish","format-standard","has-post-thumbnail","hentry","category-deportes"],"blog_post_layout_featured_media_urls":{"thumbnail":["https:\/\/elregionaldigital.info\/wp-content\/uploads\/2025\/02\/henry-150x150.jpg",150,150,true],"full":["https:\/\/elregionaldigital.info\/wp-content\/uploads\/2025\/02\/henry.jpg",696,400,false]},"categories_names":{"6":{"name":"Deportes","link":"https:\/\/elregionaldigital.info\/?cat=6"}},"tags_names":[],"comments_number":"0","wpmagazine_modules_lite_featured_media_urls":{"thumbnail":["https:\/\/elregionaldigital.info\/wp-content\/uploads\/2025\/02\/henry-150x150.jpg",150,150,true],"cvmm-medium":["https:\/\/elregionaldigital.info\/wp-content\/uploads\/2025\/02\/henry-300x300.jpg",300,300,true],"cvmm-medium-plus":["https:\/\/elregionaldigital.info\/wp-content\/uploads\/2025\/02\/henry-305x207.jpg",305,207,true],"cvmm-portrait":["https:\/\/elregionaldigital.info\/wp-content\/uploads\/2025\/02\/henry-400x400.jpg",400,400,true],"cvmm-medium-square":["https:\/\/elregionaldigital.info\/wp-content\/uploads\/2025\/02\/henry-600x400.jpg",600,400,true],"cvmm-large":["https:\/\/elregionaldigital.info\/wp-content\/uploads\/2025\/02\/henry.jpg",696,400,false],"cvmm-small":["https:\/\/elregionaldigital.info\/wp-content\/uploads\/2025\/02\/henry-130x95.jpg",130,95,true],"full":["https:\/\/elregionaldigital.info\/wp-content\/uploads\/2025\/02\/henry.jpg",696,400,false]},"_links":{"self":[{"href":"https:\/\/elregionaldigital.info\/index.php?rest_route=\/wp\/v2\/posts\/4128","targetHints":{"allow":["GET"]}}],"collection":[{"href":"https:\/\/elregionaldigital.info\/index.php?rest_route=\/wp\/v2\/posts"}],"about":[{"href":"https:\/\/elregionaldigital.info\/index.php?rest_route=\/wp\/v2\/types\/post"}],"author":[{"embeddable":true,"href":"https:\/\/elregionaldigital.info\/index.php?rest_route=\/wp\/v2\/users\/1"}],"replies":[{"embeddable":true,"href":"https:\/\/elregionaldigital.info\/index.php?rest_route=%2Fwp%2Fv2%2Fcomments&post=4128"}],"version-history":[{"count":1,"href":"https:\/\/elregionaldigital.info\/index.php?rest_route=\/wp\/v2\/posts\/4128\/revisions"}],"predecessor-version":[{"id":4130,"href":"https:\/\/elregionaldigital.info\/index.php?rest_route=\/wp\/v2\/posts\/4128\/revisions\/4130"}],"wp:featuredmedia":[{"embeddable":true,"href":"https:\/\/elregionaldigital.info\/index.php?rest_route=\/wp\/v2\/media\/4129"}],"wp:attachment":[{"href":"https:\/\/elregionaldigital.info\/index.php?rest_route=%2Fwp%2Fv2%2Fmedia&parent=4128"}],"wp:term":[{"taxonomy":"category","embeddable":true,"href":"https:\/\/elregionaldigital.info\/index.php?rest_route=%2Fwp%2Fv2%2Fcategories&post=4128"},{"taxonomy":"post_tag","embeddable":true,"href":"https:\/\/elregionaldigital.info\/index.php?rest_route=%2Fwp%2Fv2%2Ftags&post=4128"}],"curies":[{"name":"wp","href":"https:\/\/api.w.org\/{rel}","templated":true}]}}