{"id":4125,"date":"2025-02-02T15:03:56","date_gmt":"2025-02-02T15:03:56","guid":{"rendered":"https:\/\/elregionaldigital.info\/?p=4125"},"modified":"2025-02-10T15:04:19","modified_gmt":"2025-02-10T15:04:19","slug":"alejandro-fernandez-el-potrillo-rompe-silencio-sobre-los-rumores-de-su-sexualidad","status":"publish","type":"post","link":"https:\/\/elregionaldigital.info\/?p=4125","title":{"rendered":"Alejandro Fern\u00e1ndez \u201cEl Potrillo\u201d rompe silencio sobre los rumores de su sexualidad"},"content":{"rendered":"\n<p><a href=\"https:\/\/laverdad.com.mx\/wp-content\/uploads\/2024\/12\/15potri.jpg\"><\/a><\/p>\n\n\n\n<p>Por a\u00f1os se ha especulado sobre las preferencias sexuales de Alejandro Fern\u00e1ndez y a pesar de que es un gal\u00e1n empedernido y sus fans son mayormente mujeres, no han faltado los rumores y leyendas urbanas que aseguran que el cantante es homosexual, lo cual se ha intensificado desde que decidi\u00f3 convertirse en un \u00edcono de la moda presumiendo arriesgados outfits que dieron mucho que pensar.<\/p>\n\n\n\n<p>Esos rumores surgieron incluso antes de que su padre, Vicente Fern\u00e1ndez, falleciera, entonces ya se dec\u00eda que algo diferente ocurr\u00eda con \u201cEl Potrillo\u201d, quien ha no ha prestado atenci\u00f3n a los dimes y diretes enfoc\u00e1ndose en su trabajo y en sus relaciones sentimentales, la m\u00e1s larga y actual con su novia Karla Laveaga.<\/p>\n\n\n\n<p>\u201cEl Potrillo\u201d reacciona a rumores sobre sus preferencias sexuales<\/p>\n\n\n\n<p>Recientemente el int\u00e9rprete de \u201cNube viajera\u201d fue cuestionado sobre todo lo que se dice sobre su sexualidad, e incluso un reportero le pregunt\u00f3 sobre la posibilidad de experimentar una relaci\u00f3n con otro hombre, una situaci\u00f3n que sorprendi\u00f3 al cantante, sin embargo, respondi\u00f3 con humor.<\/p>\n\n\n\n<p>\u201c\u00a1Ay cabr*n! Nunca hab\u00eda escuchado eso, pues que tengan ganas de darse conmigo es muy diferente\u201d, expres\u00f3 el famoso.<\/p>\n","protected":false},"excerpt":{"rendered":"<p>Por a\u00f1os se ha especulado sobre las preferencias sexuales de Alejandro Fern\u00e1ndez y a pesar de que es un gal\u00e1n empedernido y sus fans son mayormente mujeres, no han faltado los rumores y leyendas urbanas que aseguran que el cantante es homosexual, lo cual se ha intensificado desde que decidi\u00f3 convertirse en un \u00edcono de [&hellip;]<\/p>\n","protected":false},"author":1,"featured_media":4126,"comment_status":"open","ping_status":"open","sticky":false,"template":"","format":"standard","meta":{"footnotes":""},"categories":[3],"tags":[],"class_list":["post-4125","post","type-post","status-publish","format-standard","has-post-thumbnail","hentry","category-entretenimiento"],"blog_post_layout_featured_media_urls":{"thumbnail":["https:\/\/elregionaldigital.info\/wp-content\/uploads\/2025\/02\/15potri-750x563-1-150x150.jpg",150,150,true],"full":["https:\/\/elregionaldigital.info\/wp-content\/uploads\/2025\/02\/15potri-750x563-1.jpg",750,563,false]},"categories_names":{"3":{"name":"Entretenimiento","link":"https:\/\/elregionaldigital.info\/?cat=3"}},"tags_names":[],"comments_number":"0","wpmagazine_modules_lite_featured_media_urls":{"thumbnail":["https:\/\/elregionaldigital.info\/wp-content\/uploads\/2025\/02\/15potri-750x563-1-150x150.jpg",150,150,true],"cvmm-medium":["https:\/\/elregionaldigital.info\/wp-content\/uploads\/2025\/02\/15potri-750x563-1-300x300.jpg",300,300,true],"cvmm-medium-plus":["https:\/\/elregionaldigital.info\/wp-content\/uploads\/2025\/02\/15potri-750x563-1-305x207.jpg",305,207,true],"cvmm-portrait":["https:\/\/elregionaldigital.info\/wp-content\/uploads\/2025\/02\/15potri-750x563-1-400x563.jpg",400,563,true],"cvmm-medium-square":["https:\/\/elregionaldigital.info\/wp-content\/uploads\/2025\/02\/15potri-750x563-1-600x563.jpg",600,563,true],"cvmm-large":["https:\/\/elregionaldigital.info\/wp-content\/uploads\/2025\/02\/15potri-750x563-1.jpg",750,563,false],"cvmm-small":["https:\/\/elregionaldigital.info\/wp-content\/uploads\/2025\/02\/15potri-750x563-1-130x95.jpg",130,95,true],"full":["https:\/\/elregionaldigital.info\/wp-content\/uploads\/2025\/02\/15potri-750x563-1.jpg",750,563,false]},"_links":{"self":[{"href":"https:\/\/elregionaldigital.info\/index.php?rest_route=\/wp\/v2\/posts\/4125","targetHints":{"allow":["GET"]}}],"collection":[{"href":"https:\/\/elregionaldigital.info\/index.php?rest_route=\/wp\/v2\/posts"}],"about":[{"href":"https:\/\/elregionaldigital.info\/index.php?rest_route=\/wp\/v2\/types\/post"}],"author":[{"embeddable":true,"href":"https:\/\/elregionaldigital.info\/index.php?rest_route=\/wp\/v2\/users\/1"}],"replies":[{"embeddable":true,"href":"https:\/\/elregionaldigital.info\/index.php?rest_route=%2Fwp%2Fv2%2Fcomments&post=4125"}],"version-history":[{"count":1,"href":"https:\/\/elregionaldigital.info\/index.php?rest_route=\/wp\/v2\/posts\/4125\/revisions"}],"predecessor-version":[{"id":4127,"href":"https:\/\/elregionaldigital.info\/index.php?rest_route=\/wp\/v2\/posts\/4125\/revisions\/4127"}],"wp:featuredmedia":[{"embeddable":true,"href":"https:\/\/elregionaldigital.info\/index.php?rest_route=\/wp\/v2\/media\/4126"}],"wp:attachment":[{"href":"https:\/\/elregionaldigital.info\/index.php?rest_route=%2Fwp%2Fv2%2Fmedia&parent=4125"}],"wp:term":[{"taxonomy":"category","embeddable":true,"href":"https:\/\/elregionaldigital.info\/index.php?rest_route=%2Fwp%2Fv2%2Fcategories&post=4125"},{"taxonomy":"post_tag","embeddable":true,"href":"https:\/\/elregionaldigital.info\/index.php?rest_route=%2Fwp%2Fv2%2Ftags&post=4125"}],"curies":[{"name":"wp","href":"https:\/\/api.w.org\/{rel}","templated":true}]}}