{"id":4122,"date":"2025-02-01T14:23:45","date_gmt":"2025-02-01T14:23:45","guid":{"rendered":"https:\/\/elregionaldigital.info\/?p=4122"},"modified":"2025-02-10T14:24:07","modified_gmt":"2025-02-10T14:24:07","slug":"autoridades-descartan-sobrevivientes-en-accidente-aereo-en-washington-dc","status":"publish","type":"post","link":"https:\/\/elregionaldigital.info\/?p=4122","title":{"rendered":"Autoridades descartan sobrevivientes en accidente a\u00e9reo en Washington DC"},"content":{"rendered":"\n<p><a href=\"https:\/\/laverdad.com.mx\/wp-content\/uploads\/2025\/01\/30aereo.webp\"><\/a><\/p>\n\n\n\n<p>El jefe de los Servicios M\u00e9dicos de Bomberos y Emergencias en Washington DC, John Donnelly, descart\u00f3 que haya sobrevivientes en el accidente a\u00e9reo registrado durante la noche del mi\u00e9rcoles en el Aeropuerto Nacional Ronald Reagan de la capital estadunidense.<\/p>\n\n\n\n<p>\u201cNo creemos que haya sobrevivientes de este accidente\u201d, digo el funcionario en una conferencia de prensa. \u201chemos recuperado 27 personas de su avi\u00f3n y una del helic\u00f3ptero. Estamos cambiando de una operaci\u00f3n de rescate a una operaci\u00f3n de recuperaci\u00f3n\u201d, a\u00f1adi\u00f3.<\/p>\n\n\n\n<p>Varios cuerpos fueron recuperados del r\u00edo Potomac de Washington tras la colisi\u00f3n entre un avi\u00f3n de pasajeros y un helic\u00f3ptero militar, informaron previamente los medios estadunidenses. La cadena CBS cit\u00f3 en un inicio a una autoridad policial diciendo que \u201cal menos 30 cuerpos hab\u00edan sido recuperados\u201d, citando a dos fuentes involucradas en el caso.<\/p>\n","protected":false},"excerpt":{"rendered":"<p>El jefe de los Servicios M\u00e9dicos de Bomberos y Emergencias en Washington DC, John Donnelly, descart\u00f3 que haya sobrevivientes en el accidente a\u00e9reo registrado durante la noche del mi\u00e9rcoles en el Aeropuerto Nacional Ronald Reagan de la capital estadunidense. \u201cNo creemos que haya sobrevivientes de este accidente\u201d, digo el funcionario en una conferencia de prensa. [&hellip;]<\/p>\n","protected":false},"author":1,"featured_media":4123,"comment_status":"open","ping_status":"open","sticky":false,"template":"","format":"standard","meta":{"footnotes":""},"categories":[11],"tags":[],"class_list":["post-4122","post","type-post","status-publish","format-standard","has-post-thumbnail","hentry","category-mundo"],"blog_post_layout_featured_media_urls":{"thumbnail":["https:\/\/elregionaldigital.info\/wp-content\/uploads\/2025\/02\/30aereo-750x563-1-150x150.webp",150,150,true],"full":["https:\/\/elregionaldigital.info\/wp-content\/uploads\/2025\/02\/30aereo-750x563-1.webp",750,563,false]},"categories_names":{"11":{"name":"Mundo","link":"https:\/\/elregionaldigital.info\/?cat=11"}},"tags_names":[],"comments_number":"0","wpmagazine_modules_lite_featured_media_urls":{"thumbnail":["https:\/\/elregionaldigital.info\/wp-content\/uploads\/2025\/02\/30aereo-750x563-1-150x150.webp",150,150,true],"cvmm-medium":["https:\/\/elregionaldigital.info\/wp-content\/uploads\/2025\/02\/30aereo-750x563-1-300x300.webp",300,300,true],"cvmm-medium-plus":["https:\/\/elregionaldigital.info\/wp-content\/uploads\/2025\/02\/30aereo-750x563-1-305x207.webp",305,207,true],"cvmm-portrait":["https:\/\/elregionaldigital.info\/wp-content\/uploads\/2025\/02\/30aereo-750x563-1-400x563.webp",400,563,true],"cvmm-medium-square":["https:\/\/elregionaldigital.info\/wp-content\/uploads\/2025\/02\/30aereo-750x563-1-600x563.webp",600,563,true],"cvmm-large":["https:\/\/elregionaldigital.info\/wp-content\/uploads\/2025\/02\/30aereo-750x563-1.webp",750,563,false],"cvmm-small":["https:\/\/elregionaldigital.info\/wp-content\/uploads\/2025\/02\/30aereo-750x563-1-130x95.webp",130,95,true],"full":["https:\/\/elregionaldigital.info\/wp-content\/uploads\/2025\/02\/30aereo-750x563-1.webp",750,563,false]},"_links":{"self":[{"href":"https:\/\/elregionaldigital.info\/index.php?rest_route=\/wp\/v2\/posts\/4122","targetHints":{"allow":["GET"]}}],"collection":[{"href":"https:\/\/elregionaldigital.info\/index.php?rest_route=\/wp\/v2\/posts"}],"about":[{"href":"https:\/\/elregionaldigital.info\/index.php?rest_route=\/wp\/v2\/types\/post"}],"author":[{"embeddable":true,"href":"https:\/\/elregionaldigital.info\/index.php?rest_route=\/wp\/v2\/users\/1"}],"replies":[{"embeddable":true,"href":"https:\/\/elregionaldigital.info\/index.php?rest_route=%2Fwp%2Fv2%2Fcomments&post=4122"}],"version-history":[{"count":1,"href":"https:\/\/elregionaldigital.info\/index.php?rest_route=\/wp\/v2\/posts\/4122\/revisions"}],"predecessor-version":[{"id":4124,"href":"https:\/\/elregionaldigital.info\/index.php?rest_route=\/wp\/v2\/posts\/4122\/revisions\/4124"}],"wp:featuredmedia":[{"embeddable":true,"href":"https:\/\/elregionaldigital.info\/index.php?rest_route=\/wp\/v2\/media\/4123"}],"wp:attachment":[{"href":"https:\/\/elregionaldigital.info\/index.php?rest_route=%2Fwp%2Fv2%2Fmedia&parent=4122"}],"wp:term":[{"taxonomy":"category","embeddable":true,"href":"https:\/\/elregionaldigital.info\/index.php?rest_route=%2Fwp%2Fv2%2Fcategories&post=4122"},{"taxonomy":"post_tag","embeddable":true,"href":"https:\/\/elregionaldigital.info\/index.php?rest_route=%2Fwp%2Fv2%2Ftags&post=4122"}],"curies":[{"name":"wp","href":"https:\/\/api.w.org\/{rel}","templated":true}]}}