{"id":4119,"date":"2025-01-30T14:04:46","date_gmt":"2025-01-30T14:04:46","guid":{"rendered":"https:\/\/elregionaldigital.info\/?p=4119"},"modified":"2025-02-10T14:05:22","modified_gmt":"2025-02-10T14:05:22","slug":"camara-de-diputados-aporta-instrumentos-juridicos-para-combatir-con-eficacia-la-delincuencia-monreal","status":"publish","type":"post","link":"https:\/\/elregionaldigital.info\/?p=4119","title":{"rendered":"C\u00e1mara de Diputados aporta instrumentos jur\u00eddicos para combatir con eficacia la delincuencia:\u00a0 Monreal"},"content":{"rendered":"\n<p>El diputado Ricardo Monreal \u00c1vila, presidente de la Junta de Coordinaci\u00f3n Pol\u00edtica y coordinador del grupo parlamentario de Morena, asever\u00f3 que uno de los temas m\u00e1s sentidos de los estados y regiones, es la seguridad; por ello, la C\u00e1mara de Diputados cre\u00f3 instrumentos jur\u00eddicos para que exista la posibilidad de actuar con eficacia en el cambio de estrategia de seguridad.<\/p>\n\n\n\n<p>Subray\u00f3 que se modific\u00f3 la Constituci\u00f3n Pol\u00edtica en materia de seguridad y prisi\u00f3n preventiva oficiosa, pero est\u00e1n pendientes algunos instrumentos jur\u00eddicos secundarios que se aprobar\u00e1n, como las leyes de Seguridad y de Inteligencia y otros para seguir proporcionando los instrumentos jur\u00eddicos que permitan combatir con eficacia la delincuencia organizada y la delincuencia com\u00fan.<\/p>\n\n\n\n<p>Hizo notar que desde que se encuentra el actual secretario de Seguridad y Protecci\u00f3n Ciudadana, Omar Garc\u00eda Harfuch, ha habido disminuci\u00f3n del delito, trabajo eficaz, coordinado, labores de inteligencia y una estrategia para atender las causas y los or\u00edgenes de ese flagelo.<\/p>\n\n\n\n<p>\u201cSe est\u00e1 viendo c\u00f3mo la estrategia de la presidenta de la Rep\u00fablica, Claudia Sheinbaum Pardo, de combinar coordinaci\u00f3n con inteligencia y eficacia en la labor concreta en los operativos, est\u00e1 dando resudados. Confiamos en la estrategia que se ha dise\u00f1ado\u201d, a\u00f1adi\u00f3.<\/p>\n\n\n\n<p><strong>Se seguir\u00e1n apoyando las pol\u00edticas institucionales<\/strong><\/p>\n\n\n\n<p>En la reuni\u00f3n plenaria de Morena, la presidenta de la Comisi\u00f3n de Seguridad Ciudadana, diputada Jessica Saiden Quiroz (Morena), expres\u00f3 que en esta Legislatura se ha impulsado la propuesta de reforma de la presidenta de la Rep\u00fablica en materia de seguridad, en el C\u00f3digo Nacional de Procedimientos Penales y la Ley General del Sistema Nacional de Seguridad P\u00fablica.<\/p>\n\n\n\n<p>En ese tenor, refrend\u00f3 el compromiso de continuar apoyando las pol\u00edticas institucionales en la materia. \u201cSu presencia llena de confianza en este rumbo que sigue el pa\u00eds en materia de seguridad, pues hemos sido testigos de su compromiso y valent\u00eda que tiene y entrega para garantizar la tranquilidad de las y los ciudadanos en la construcci\u00f3n de la paz que anhela la naci\u00f3n\u201d.<\/p>\n\n\n\n<p>Resalt\u00f3 que en este gobierno se palpa el avance con rumbo al cumplimiento de la estrategia de seguridad. \u201cSabemos que no est\u00e1 siendo un camino f\u00e1cil, pero entendemos que con determinaci\u00f3n y trabajo coordinado se estar\u00e1n sentando las bases para un M\u00e9xico m\u00e1s seguro, con instituciones m\u00e1s s\u00f3lidas y una respuesta m\u00e1s efectiva ante los retos que se enfrentan\u201d.<\/p>\n\n\n\n<p><strong>Afrontar y combatir los delitos, responsabilidad del Estado<\/strong><\/p>\n\n\n\n<p>En su intervenci\u00f3n, Omar Garc\u00eda Harfuch, secretario de Seguridad y Protecci\u00f3n Ciudadana, afirm\u00f3 que la seguridad es una prioridad para las y los mexicanos y un tema sensible donde mucha gente sufre a manos de la delincuencia que les quita paz y tranquilidad por delitos como el secuestro, cobro de piso, extorsi\u00f3n y homicidio doloso. \u201cLa responsabilidad del Estado mexicano es afrontar y combatir estos delitos por medio de cuatro ejes\u201d.<\/p>\n\n\n\n<p>Explic\u00f3 que en estos cuatro meses del actual gobierno, se han incrementado los trabajos de coordinaci\u00f3n y se han sumado las capacidades de fuerza e inteligencia de las instituciones que integran la estrategia de seguridad en beneficio de la ciudadan\u00eda, con atenci\u00f3n a las causas, consolidando la Guardia Nacional, fortaleciendo la inteligencia e investigaci\u00f3n y mediante la coordinaci\u00f3n entre dependencias federales y entidades.<\/p>\n\n\n\n<p>Inform\u00f3 que en estos meses y bajo las pol\u00edticas de coordinaci\u00f3n se han detenido m\u00e1s de 10 mil personas por delitos de alto impacto, se han asegurado m\u00e1s de 90 toneladas de droga y m\u00e1s de 5 mil armas de fuego, veh\u00edculos blindados y no blindados. \u201cCada aseguramiento es recurso que se les quita a las organizaciones criminales; representa menos violencia en las calles y menos familias destruidas por esta causa\u201d.<\/p>\n\n\n\n<p>Reconoci\u00f3 que falta mucho por hacer, pues la seguridad requiere constancia y una estrategia clara, misma que hoy se tiene. Pidi\u00f3 el apoyo a las y los legisladores para que la ciudadan\u00eda sepa que tiene autoridades con las que puede contar y tenga claro qui\u00e9nes son los que hacen da\u00f1o a la sociedad: las organizaciones criminales.<\/p>\n\n\n\n<p>\u201cCualquier tipo de di\u00e1logo con las organizaciones criminales es un espejismo. Siempre sale mal. La autoridad tiene la responsabilidad de combatir, con respeto a los derechos humanos, a todas las organizaciones criminales, con la finalidad de proteger a la ciudadan\u00eda y en esos estamos enfocados\u201d, puntualiz\u00f3 el funcionario.<\/p>\n","protected":false},"excerpt":{"rendered":"<p>El diputado Ricardo Monreal \u00c1vila, presidente de la Junta de Coordinaci\u00f3n Pol\u00edtica y coordinador del grupo parlamentario de Morena, asever\u00f3 que uno de los temas m\u00e1s sentidos de los estados y regiones, es la seguridad; por ello, la C\u00e1mara de Diputados cre\u00f3 instrumentos jur\u00eddicos para que exista la posibilidad de actuar con eficacia en el [&hellip;]<\/p>\n","protected":false},"author":1,"featured_media":4120,"comment_status":"open","ping_status":"open","sticky":false,"template":"","format":"standard","meta":{"footnotes":""},"categories":[5],"tags":[],"class_list":["post-4119","post","type-post","status-publish","format-standard","has-post-thumbnail","hentry","category-nacional"],"blog_post_layout_featured_media_urls":{"thumbnail":["https:\/\/elregionaldigital.info\/wp-content\/uploads\/2025\/02\/31dipus-750x500-1-150x150.jpeg",150,150,true],"full":["https:\/\/elregionaldigital.info\/wp-content\/uploads\/2025\/02\/31dipus-750x500-1.jpeg",750,500,false]},"categories_names":{"5":{"name":"Nacional","link":"https:\/\/elregionaldigital.info\/?cat=5"}},"tags_names":[],"comments_number":"0","wpmagazine_modules_lite_featured_media_urls":{"thumbnail":["https:\/\/elregionaldigital.info\/wp-content\/uploads\/2025\/02\/31dipus-750x500-1-150x150.jpeg",150,150,true],"cvmm-medium":["https:\/\/elregionaldigital.info\/wp-content\/uploads\/2025\/02\/31dipus-750x500-1-300x300.jpeg",300,300,true],"cvmm-medium-plus":["https:\/\/elregionaldigital.info\/wp-content\/uploads\/2025\/02\/31dipus-750x500-1-305x207.jpeg",305,207,true],"cvmm-portrait":["https:\/\/elregionaldigital.info\/wp-content\/uploads\/2025\/02\/31dipus-750x500-1-400x500.jpeg",400,500,true],"cvmm-medium-square":["https:\/\/elregionaldigital.info\/wp-content\/uploads\/2025\/02\/31dipus-750x500-1-600x500.jpeg",600,500,true],"cvmm-large":["https:\/\/elregionaldigital.info\/wp-content\/uploads\/2025\/02\/31dipus-750x500-1.jpeg",750,500,false],"cvmm-small":["https:\/\/elregionaldigital.info\/wp-content\/uploads\/2025\/02\/31dipus-750x500-1-130x95.jpeg",130,95,true],"full":["https:\/\/elregionaldigital.info\/wp-content\/uploads\/2025\/02\/31dipus-750x500-1.jpeg",750,500,false]},"_links":{"self":[{"href":"https:\/\/elregionaldigital.info\/index.php?rest_route=\/wp\/v2\/posts\/4119","targetHints":{"allow":["GET"]}}],"collection":[{"href":"https:\/\/elregionaldigital.info\/index.php?rest_route=\/wp\/v2\/posts"}],"about":[{"href":"https:\/\/elregionaldigital.info\/index.php?rest_route=\/wp\/v2\/types\/post"}],"author":[{"embeddable":true,"href":"https:\/\/elregionaldigital.info\/index.php?rest_route=\/wp\/v2\/users\/1"}],"replies":[{"embeddable":true,"href":"https:\/\/elregionaldigital.info\/index.php?rest_route=%2Fwp%2Fv2%2Fcomments&post=4119"}],"version-history":[{"count":1,"href":"https:\/\/elregionaldigital.info\/index.php?rest_route=\/wp\/v2\/posts\/4119\/revisions"}],"predecessor-version":[{"id":4121,"href":"https:\/\/elregionaldigital.info\/index.php?rest_route=\/wp\/v2\/posts\/4119\/revisions\/4121"}],"wp:featuredmedia":[{"embeddable":true,"href":"https:\/\/elregionaldigital.info\/index.php?rest_route=\/wp\/v2\/media\/4120"}],"wp:attachment":[{"href":"https:\/\/elregionaldigital.info\/index.php?rest_route=%2Fwp%2Fv2%2Fmedia&parent=4119"}],"wp:term":[{"taxonomy":"category","embeddable":true,"href":"https:\/\/elregionaldigital.info\/index.php?rest_route=%2Fwp%2Fv2%2Fcategories&post=4119"},{"taxonomy":"post_tag","embeddable":true,"href":"https:\/\/elregionaldigital.info\/index.php?rest_route=%2Fwp%2Fv2%2Ftags&post=4119"}],"curies":[{"name":"wp","href":"https:\/\/api.w.org\/{rel}","templated":true}]}}