{"id":4110,"date":"2025-02-07T02:29:50","date_gmt":"2025-02-07T02:29:50","guid":{"rendered":"https:\/\/elregionaldigital.info\/?p=4110"},"modified":"2025-02-10T02:30:12","modified_gmt":"2025-02-10T02:30:12","slug":"realiza-la-uat-semana-academica-de-la-constitucion","status":"publish","type":"post","link":"https:\/\/elregionaldigital.info\/?p=4110","title":{"rendered":"Realiza la UAT semana acad\u00e9mica de la Constituci\u00f3n"},"content":{"rendered":"\n<p>Con motivo de la conmemoraci\u00f3n del D\u00eda de la Constituci\u00f3n Pol\u00edtica de los Estados Unidos<br>Mexicanos, la Facultad de Derecho y Ciencias Sociales Victoria (FDCSV) de la Universidad<br>Aut\u00f3noma de Tamaulipas (UAT) llev\u00f3 a cabo la Semana de la Constituci\u00f3n &#8220;Gonzalo Higinio<br>Carrillo de Le\u00f3n&#8221;, a fin de fortalecer el conocimiento y la reflexi\u00f3n en torno al Estado de<br>Derecho en M\u00e9xico.<br>El programa de actividades consisti\u00f3 en un ciclo de conferencias y conversatorios, del 4 al<br>6 de febrero, realizados en la Sala de Juicios Orales de esta Facultad, en donde<br>especialistas en derecho abordaron, entre otros temas, los retos y transformaciones del<br>constitucionalismo, la impartici\u00f3n de justicia y la modernizaci\u00f3n del marco legal.<br>Los eventos dieron inicio con un reconocimiento al legado del magistrado Gonzalo Higinio<br>Carrillo de Le\u00f3n, seguido del conversatorio &#8220;Los retos del constitucionalismo mexicano.<br>\u00bfHacia una nueva visi\u00f3n?&#8221;, contando con la participaci\u00f3n del Dr. Edy Izaguirre Trevi\u00f1o,<br>director de la Facultad de Derecho Victoria, y el Dr. Carlos Mora Garc\u00eda, bajo la<br>moderaci\u00f3n de la Dra. Gloria Graciela Reyna Hagelsieb, quien condujo la charla sobre la<br>adaptaci\u00f3n de la Constituci\u00f3n ante los cambios pol\u00edticos y sociales.<br>Otro de los eventos llevados a cabo fue el conversatorio &#8220;La reforma constitucional en<br>materia judicial: Perspectivas y retos&#8221;, con la participaci\u00f3n de los doctores Edy Izaguirre y<br>Humberto Dragustinovis Perales, moderados por la Dra. Melissa Mart\u00ednez Hern\u00e1ndez.<br>Se program\u00f3 tambi\u00e9n la conferencia &#8220;La reforma constitucional a los poderes judiciales&#8221;, a<br>cargo del Dr. Edgar Maciel Mart\u00ednez B\u00e1ez, quien profundiz\u00f3 sobre las implicaciones de los<br>cambios constitucionales en el sistema judicial y su efecto en la impartici\u00f3n de justicia.<br>El ciclo de actividades culmin\u00f3 con el conversatorio &#8220;La visi\u00f3n modernizadora del derecho<br>y la justicia en la Constituci\u00f3n&#8221;, con la participaci\u00f3n del Mtro. Jos\u00e9 Ives Sober\u00f3n Mej\u00eda y el<br>Dr. Gabriel Higuera Licona, moderados por la Dra. Luc\u00eda Graciano Casas, quienes<\/p>\n\n\n\n<p>compartieron su visi\u00f3n sobre los desaf\u00edos y avances en el marco constitucional.<\/p>\n","protected":false},"excerpt":{"rendered":"<p>Con motivo de la conmemoraci\u00f3n del D\u00eda de la Constituci\u00f3n Pol\u00edtica de los Estados UnidosMexicanos, la Facultad de Derecho y Ciencias Sociales Victoria (FDCSV) de la UniversidadAut\u00f3noma de Tamaulipas (UAT) llev\u00f3 a cabo la Semana de la Constituci\u00f3n &#8220;Gonzalo HiginioCarrillo de Le\u00f3n&#8221;, a fin de fortalecer el conocimiento y la reflexi\u00f3n en torno al Estado [&hellip;]<\/p>\n","protected":false},"author":1,"featured_media":4111,"comment_status":"open","ping_status":"open","sticky":false,"template":"","format":"standard","meta":{"footnotes":""},"categories":[4],"tags":[],"class_list":["post-4110","post","type-post","status-publish","format-standard","has-post-thumbnail","hentry","category-universidades"],"blog_post_layout_featured_media_urls":{"thumbnail":["https:\/\/elregionaldigital.info\/wp-content\/uploads\/2025\/02\/1-2-1-150x150.jpg",150,150,true],"full":["https:\/\/elregionaldigital.info\/wp-content\/uploads\/2025\/02\/1-2-1.jpg",1911,1274,false]},"categories_names":{"4":{"name":"Universidades","link":"https:\/\/elregionaldigital.info\/?cat=4"}},"tags_names":[],"comments_number":"0","wpmagazine_modules_lite_featured_media_urls":{"thumbnail":["https:\/\/elregionaldigital.info\/wp-content\/uploads\/2025\/02\/1-2-1-150x150.jpg",150,150,true],"cvmm-medium":["https:\/\/elregionaldigital.info\/wp-content\/uploads\/2025\/02\/1-2-1-300x300.jpg",300,300,true],"cvmm-medium-plus":["https:\/\/elregionaldigital.info\/wp-content\/uploads\/2025\/02\/1-2-1-305x207.jpg",305,207,true],"cvmm-portrait":["https:\/\/elregionaldigital.info\/wp-content\/uploads\/2025\/02\/1-2-1-400x600.jpg",400,600,true],"cvmm-medium-square":["https:\/\/elregionaldigital.info\/wp-content\/uploads\/2025\/02\/1-2-1-600x600.jpg",600,600,true],"cvmm-large":["https:\/\/elregionaldigital.info\/wp-content\/uploads\/2025\/02\/1-2-1-1024x1024.jpg",1024,1024,true],"cvmm-small":["https:\/\/elregionaldigital.info\/wp-content\/uploads\/2025\/02\/1-2-1-130x95.jpg",130,95,true],"full":["https:\/\/elregionaldigital.info\/wp-content\/uploads\/2025\/02\/1-2-1.jpg",1911,1274,false]},"_links":{"self":[{"href":"https:\/\/elregionaldigital.info\/index.php?rest_route=\/wp\/v2\/posts\/4110","targetHints":{"allow":["GET"]}}],"collection":[{"href":"https:\/\/elregionaldigital.info\/index.php?rest_route=\/wp\/v2\/posts"}],"about":[{"href":"https:\/\/elregionaldigital.info\/index.php?rest_route=\/wp\/v2\/types\/post"}],"author":[{"embeddable":true,"href":"https:\/\/elregionaldigital.info\/index.php?rest_route=\/wp\/v2\/users\/1"}],"replies":[{"embeddable":true,"href":"https:\/\/elregionaldigital.info\/index.php?rest_route=%2Fwp%2Fv2%2Fcomments&post=4110"}],"version-history":[{"count":1,"href":"https:\/\/elregionaldigital.info\/index.php?rest_route=\/wp\/v2\/posts\/4110\/revisions"}],"predecessor-version":[{"id":4112,"href":"https:\/\/elregionaldigital.info\/index.php?rest_route=\/wp\/v2\/posts\/4110\/revisions\/4112"}],"wp:featuredmedia":[{"embeddable":true,"href":"https:\/\/elregionaldigital.info\/index.php?rest_route=\/wp\/v2\/media\/4111"}],"wp:attachment":[{"href":"https:\/\/elregionaldigital.info\/index.php?rest_route=%2Fwp%2Fv2%2Fmedia&parent=4110"}],"wp:term":[{"taxonomy":"category","embeddable":true,"href":"https:\/\/elregionaldigital.info\/index.php?rest_route=%2Fwp%2Fv2%2Fcategories&post=4110"},{"taxonomy":"post_tag","embeddable":true,"href":"https:\/\/elregionaldigital.info\/index.php?rest_route=%2Fwp%2Fv2%2Ftags&post=4110"}],"curies":[{"name":"wp","href":"https:\/\/api.w.org\/{rel}","templated":true}]}}