{"id":4104,"date":"2025-02-06T22:55:27","date_gmt":"2025-02-06T22:55:27","guid":{"rendered":"https:\/\/elregionaldigital.info\/?p=4104"},"modified":"2025-02-06T22:55:28","modified_gmt":"2025-02-06T22:55:28","slug":"ofrece-la-uat-nuevas-carreras-en-la-facultad-de-medicina-de-tampico","status":"publish","type":"post","link":"https:\/\/elregionaldigital.info\/?p=4104","title":{"rendered":"Ofrece la UAT nuevas carreras en la Facultad de Medicina de Tampico"},"content":{"rendered":"\n<p><\/p>\n\n\n\n<p><br>La Facultad de Medicina de Tampico \u201cDr. Alberto Romo Caballero\u201d de la Universidad<br>Aut\u00f3noma de Tamaulipas (UAT) anunci\u00f3 la apertura de tres nuevas carreras que dar\u00e1n<br>inicio en el ciclo escolar agosto-diciembre 2025, estas son la Licenciatura en Atenci\u00f3n<br>Profesional de la Salud, la Licenciatura en Ciencias Aplicadas al Deporte y el Ejercicio y la<br>carrera de Ingenier\u00eda Biom\u00e9dica.<br>Al respecto, el director de este plantel universitario, Ra\u00fal de Le\u00f3n Escobedo, destac\u00f3 que<br>la creaci\u00f3n de los nuevos programas son parte del proyecto que impulsa el rector D\u00e1maso<br>Anaya Alvarado, en el sentido de ofrecer a la juventud mayores oportunidades de estudios<br>profesionales, as\u00ed como de responder a las necesidades de la sociedad y sus sectores.<br>Apunt\u00f3 que estas tres carreras vienen a enriquecer la oferta educativa de la UAT, y<br>estar\u00e1n respaldadas con el mismo prestigio acad\u00e9mico de la Facultad de Medicina<br>Tampico, la cual cuenta con una trayectoria de 75 a\u00f1os de formaci\u00f3n de profesionales de<br>la salud.<br>Inform\u00f3 que la Licenciatura en Atenci\u00f3n Profesional de la Salud est\u00e1 orientada a la<br>formaci\u00f3n de cuidadores profesionales de enfermos, con capacidad para el diagn\u00f3stico y<br>la intervenci\u00f3n en pacientes cuyos padecimientos hayan derivado en su inmovilizaci\u00f3n por<br>meses o a\u00f1os.<br>Explic\u00f3 tambi\u00e9n que la Licenciatura en Ciencias Aplicadas al Deporte y el Ejercicio busca<br>formar profesionales que, con el respaldo de la ciencia, atiendan a los deportistas y<br>puedan ayudarlos a realizar su actividad y alcanzar sus metas de manera progresiva.<br>Por otro lado, puntualiz\u00f3 que la carrera de Ingenier\u00eda Biom\u00e9dica re\u00fane conocimientos de<br>ingenier\u00eda, ciencias b\u00e1sicas y ciencias m\u00e9dicas para atender la salud humana mediante el<br>dise\u00f1o de aparatos y el uso de tecnolog\u00edas y dispositivos que ayuden al paciente.<br>A\u00f1adi\u00f3 que, con esta carrera, la UAT responde al llamado del Gobierno Federal, en el<br>sentido de impulsar la ingenier\u00eda biom\u00e9dica como una herramienta para mejorar la salud<\/p>\n\n\n\n<p>de los mexicanos.<br>Finalmente, asever\u00f3 que con las nuevas licenciaturas este plantel de la UAT habr\u00e1 crecido<br>un 50 % en la matr\u00edcula para agosto de 2025.<\/p>\n","protected":false},"excerpt":{"rendered":"<p>La Facultad de Medicina de Tampico \u201cDr. Alberto Romo Caballero\u201d de la UniversidadAut\u00f3noma de Tamaulipas (UAT) anunci\u00f3 la apertura de tres nuevas carreras que dar\u00e1ninicio en el ciclo escolar agosto-diciembre 2025, estas son la Licenciatura en Atenci\u00f3nProfesional de la Salud, la Licenciatura en Ciencias Aplicadas al Deporte y el Ejercicio y lacarrera de Ingenier\u00eda Biom\u00e9dica.Al [&hellip;]<\/p>\n","protected":false},"author":1,"featured_media":4105,"comment_status":"open","ping_status":"open","sticky":false,"template":"","format":"standard","meta":{"footnotes":""},"categories":[4],"tags":[],"class_list":["post-4104","post","type-post","status-publish","format-standard","has-post-thumbnail","hentry","category-universidades"],"blog_post_layout_featured_media_urls":{"thumbnail":["https:\/\/elregionaldigital.info\/wp-content\/uploads\/2025\/02\/1-2-150x150.jpg",150,150,true],"full":["https:\/\/elregionaldigital.info\/wp-content\/uploads\/2025\/02\/1-2-scaled.jpg",2560,1707,false]},"categories_names":{"4":{"name":"Universidades","link":"https:\/\/elregionaldigital.info\/?cat=4"}},"tags_names":[],"comments_number":"0","wpmagazine_modules_lite_featured_media_urls":{"thumbnail":["https:\/\/elregionaldigital.info\/wp-content\/uploads\/2025\/02\/1-2-150x150.jpg",150,150,true],"cvmm-medium":["https:\/\/elregionaldigital.info\/wp-content\/uploads\/2025\/02\/1-2-300x300.jpg",300,300,true],"cvmm-medium-plus":["https:\/\/elregionaldigital.info\/wp-content\/uploads\/2025\/02\/1-2-305x207.jpg",305,207,true],"cvmm-portrait":["https:\/\/elregionaldigital.info\/wp-content\/uploads\/2025\/02\/1-2-400x600.jpg",400,600,true],"cvmm-medium-square":["https:\/\/elregionaldigital.info\/wp-content\/uploads\/2025\/02\/1-2-600x600.jpg",600,600,true],"cvmm-large":["https:\/\/elregionaldigital.info\/wp-content\/uploads\/2025\/02\/1-2-1024x1024.jpg",1024,1024,true],"cvmm-small":["https:\/\/elregionaldigital.info\/wp-content\/uploads\/2025\/02\/1-2-130x95.jpg",130,95,true],"full":["https:\/\/elregionaldigital.info\/wp-content\/uploads\/2025\/02\/1-2-scaled.jpg",2560,1707,false]},"_links":{"self":[{"href":"https:\/\/elregionaldigital.info\/index.php?rest_route=\/wp\/v2\/posts\/4104","targetHints":{"allow":["GET"]}}],"collection":[{"href":"https:\/\/elregionaldigital.info\/index.php?rest_route=\/wp\/v2\/posts"}],"about":[{"href":"https:\/\/elregionaldigital.info\/index.php?rest_route=\/wp\/v2\/types\/post"}],"author":[{"embeddable":true,"href":"https:\/\/elregionaldigital.info\/index.php?rest_route=\/wp\/v2\/users\/1"}],"replies":[{"embeddable":true,"href":"https:\/\/elregionaldigital.info\/index.php?rest_route=%2Fwp%2Fv2%2Fcomments&post=4104"}],"version-history":[{"count":1,"href":"https:\/\/elregionaldigital.info\/index.php?rest_route=\/wp\/v2\/posts\/4104\/revisions"}],"predecessor-version":[{"id":4106,"href":"https:\/\/elregionaldigital.info\/index.php?rest_route=\/wp\/v2\/posts\/4104\/revisions\/4106"}],"wp:featuredmedia":[{"embeddable":true,"href":"https:\/\/elregionaldigital.info\/index.php?rest_route=\/wp\/v2\/media\/4105"}],"wp:attachment":[{"href":"https:\/\/elregionaldigital.info\/index.php?rest_route=%2Fwp%2Fv2%2Fmedia&parent=4104"}],"wp:term":[{"taxonomy":"category","embeddable":true,"href":"https:\/\/elregionaldigital.info\/index.php?rest_route=%2Fwp%2Fv2%2Fcategories&post=4104"},{"taxonomy":"post_tag","embeddable":true,"href":"https:\/\/elregionaldigital.info\/index.php?rest_route=%2Fwp%2Fv2%2Ftags&post=4104"}],"curies":[{"name":"wp","href":"https:\/\/api.w.org\/{rel}","templated":true}]}}