{"id":4101,"date":"2025-02-05T13:55:38","date_gmt":"2025-02-05T13:55:38","guid":{"rendered":"https:\/\/elregionaldigital.info\/?p=4101"},"modified":"2025-02-06T13:56:04","modified_gmt":"2025-02-06T13:56:04","slug":"anuncia-la-uat-apertura-de-nuevas-carreras-y-la-ampliacion-de-su-oferta-academica","status":"publish","type":"post","link":"https:\/\/elregionaldigital.info\/?p=4101","title":{"rendered":"Anuncia la UAT apertura de nuevas carreras y la ampliaci\u00f3n de su oferta acad\u00e9mica"},"content":{"rendered":"\n<p id=\"block-93e2368a-76da-4b78-a3cc-10d8b2baa567\"><\/p>\n\n\n\n<p id=\"block-74d2c98b-aad5-40ef-aefd-503a521da917\">La Universidad Aut\u00f3noma de Tamaulipas (UAT), bajo la administraci\u00f3n del rector D\u00e1maso<br>Anaya Alvarado, ampliar\u00e1 su oferta acad\u00e9mica con la incorporaci\u00f3n de trece programas<br>educativos que brindar\u00e1n m\u00e1s oportunidades a la juventud tamaulipeca.<br>Se abrir\u00e1n ocho programas de reciente creaci\u00f3n, mientras que cinco de las carreras con las<br>que ya cuenta la UAT ser\u00e1n una nueva opci\u00f3n en otras sedes universitarias del estado, lo<br>que permitir\u00e1 ampliar la cobertura para el pr\u00f3ximo ciclo escolar que inicia en agosto de<br>2025.<br>La nueva oferta de carreras de la UAT se distribuir\u00e1 de la siguiente manera: en la Unidad<br>Acad\u00e9mica Multidisciplinaria R\u00edo Bravo se abrir\u00e1 la carrera de Ingeniero Agr\u00f3nomo; la<br>Facultad de Comercio, Administraci\u00f3n y Ciencias Sociales de Nuevo Laredo ofrecer\u00e1 la<br>Licenciatura en Psicolog\u00eda y la Licenciatura en Autotransporte de Carga; y en la Unidad<br>Acad\u00e9mica Multidisciplinaria Reynosa Rodhe se incorporar\u00e1 la carrera de Contador<br>P\u00fablico y Finanzas.<br>Por su parte, la Facultad de Ingenier\u00eda Tampico sumar\u00e1 a su oferta dos carreras: Ingenier\u00eda<br>en Desarrollo Sostenible e Ingenier\u00eda en Ciencia de Datos e Inteligencia Artificial; mientras<br>que la Facultad de Medicina de Tampico incluir\u00e1: Ingeniero Biom\u00e9dico, Licenciado en<br>Atenci\u00f3n Profesional de la Salud y Licenciado en Ciencias Aplicadas al Deporte y Ejercicio.<br>En la Unidad Acad\u00e9mica Multidisciplinaria Reynosa Aztl\u00e1n se ofrecer\u00e1n las licenciaturas en<br>Psicolog\u00eda, Derecho y Enfermer\u00eda; y, finalmente, la Facultad de Ingenier\u00eda y Ciencias del<br>Campus Victoria abrir\u00e1 la carrera de Ingeniero en Ciencia de Datos, en modalidad a<br>distancia.<br>Con esta iniciativa, la UAT refuerza su liderazgo en la educaci\u00f3n superior de Tamaulipas, y<br>reafirma el compromiso del rector D\u00e1maso Anaya de sostener un permanente di\u00e1logo con<\/p>\n\n\n\n<p id=\"block-1a2fc61e-5d38-4795-a341-2b2cbaa787b2\">estudiantes, egresados, empleadores, docentes e investigadores para identificar<br>necesidades clave del sector social y productivo y dise\u00f1ar una oferta acad\u00e9mica alineada<br>con las demandas y el potencial de las regiones del estado.<\/p>\n","protected":false},"excerpt":{"rendered":"<p>La Universidad Aut\u00f3noma de Tamaulipas (UAT), bajo la administraci\u00f3n del rector D\u00e1masoAnaya Alvarado, ampliar\u00e1 su oferta acad\u00e9mica con la incorporaci\u00f3n de trece programaseducativos que brindar\u00e1n m\u00e1s oportunidades a la juventud tamaulipeca.Se abrir\u00e1n ocho programas de reciente creaci\u00f3n, mientras que cinco de las carreras con lasque ya cuenta la UAT ser\u00e1n una nueva opci\u00f3n en otras [&hellip;]<\/p>\n","protected":false},"author":1,"featured_media":4102,"comment_status":"open","ping_status":"open","sticky":false,"template":"","format":"standard","meta":{"footnotes":""},"categories":[4],"tags":[],"class_list":["post-4101","post","type-post","status-publish","format-standard","has-post-thumbnail","hentry","category-universidades"],"blog_post_layout_featured_media_urls":{"thumbnail":["https:\/\/elregionaldigital.info\/wp-content\/uploads\/2025\/02\/foto-1-carreras-150x150.jpg",150,150,true],"full":["https:\/\/elregionaldigital.info\/wp-content\/uploads\/2025\/02\/foto-1-carreras-scaled.jpg",2560,1707,false]},"categories_names":{"4":{"name":"Universidades","link":"https:\/\/elregionaldigital.info\/?cat=4"}},"tags_names":[],"comments_number":"0","wpmagazine_modules_lite_featured_media_urls":{"thumbnail":["https:\/\/elregionaldigital.info\/wp-content\/uploads\/2025\/02\/foto-1-carreras-150x150.jpg",150,150,true],"cvmm-medium":["https:\/\/elregionaldigital.info\/wp-content\/uploads\/2025\/02\/foto-1-carreras-300x300.jpg",300,300,true],"cvmm-medium-plus":["https:\/\/elregionaldigital.info\/wp-content\/uploads\/2025\/02\/foto-1-carreras-305x207.jpg",305,207,true],"cvmm-portrait":["https:\/\/elregionaldigital.info\/wp-content\/uploads\/2025\/02\/foto-1-carreras-400x600.jpg",400,600,true],"cvmm-medium-square":["https:\/\/elregionaldigital.info\/wp-content\/uploads\/2025\/02\/foto-1-carreras-600x600.jpg",600,600,true],"cvmm-large":["https:\/\/elregionaldigital.info\/wp-content\/uploads\/2025\/02\/foto-1-carreras-1024x1024.jpg",1024,1024,true],"cvmm-small":["https:\/\/elregionaldigital.info\/wp-content\/uploads\/2025\/02\/foto-1-carreras-130x95.jpg",130,95,true],"full":["https:\/\/elregionaldigital.info\/wp-content\/uploads\/2025\/02\/foto-1-carreras-scaled.jpg",2560,1707,false]},"_links":{"self":[{"href":"https:\/\/elregionaldigital.info\/index.php?rest_route=\/wp\/v2\/posts\/4101","targetHints":{"allow":["GET"]}}],"collection":[{"href":"https:\/\/elregionaldigital.info\/index.php?rest_route=\/wp\/v2\/posts"}],"about":[{"href":"https:\/\/elregionaldigital.info\/index.php?rest_route=\/wp\/v2\/types\/post"}],"author":[{"embeddable":true,"href":"https:\/\/elregionaldigital.info\/index.php?rest_route=\/wp\/v2\/users\/1"}],"replies":[{"embeddable":true,"href":"https:\/\/elregionaldigital.info\/index.php?rest_route=%2Fwp%2Fv2%2Fcomments&post=4101"}],"version-history":[{"count":1,"href":"https:\/\/elregionaldigital.info\/index.php?rest_route=\/wp\/v2\/posts\/4101\/revisions"}],"predecessor-version":[{"id":4103,"href":"https:\/\/elregionaldigital.info\/index.php?rest_route=\/wp\/v2\/posts\/4101\/revisions\/4103"}],"wp:featuredmedia":[{"embeddable":true,"href":"https:\/\/elregionaldigital.info\/index.php?rest_route=\/wp\/v2\/media\/4102"}],"wp:attachment":[{"href":"https:\/\/elregionaldigital.info\/index.php?rest_route=%2Fwp%2Fv2%2Fmedia&parent=4101"}],"wp:term":[{"taxonomy":"category","embeddable":true,"href":"https:\/\/elregionaldigital.info\/index.php?rest_route=%2Fwp%2Fv2%2Fcategories&post=4101"},{"taxonomy":"post_tag","embeddable":true,"href":"https:\/\/elregionaldigital.info\/index.php?rest_route=%2Fwp%2Fv2%2Ftags&post=4101"}],"curies":[{"name":"wp","href":"https:\/\/api.w.org\/{rel}","templated":true}]}}