{"id":4085,"date":"2025-02-01T16:30:51","date_gmt":"2025-02-01T16:30:51","guid":{"rendered":"https:\/\/elregionaldigital.info\/?p=4085"},"modified":"2025-02-04T16:31:15","modified_gmt":"2025-02-04T16:31:15","slug":"preside-rector-graduacion-de-246-egresados-de-la-uat-en-tampico","status":"publish","type":"post","link":"https:\/\/elregionaldigital.info\/?p=4085","title":{"rendered":"Preside rector graduaci\u00f3n de 246 egresados de la UAT en Tampico"},"content":{"rendered":"\n<p>El rector de la Universidad Aut\u00f3noma de Tamaulipas (UAT), D\u00e1maso Anaya Alvarado,<br>presidi\u00f3 la graduaci\u00f3n de 246 egresados de las carreras de Derecho, Ciencias de la<br>Comunicaci\u00f3n, Gesti\u00f3n y Desarrollo Tur\u00edstico, Econom\u00eda y Finanzas, y Psicolog\u00eda, que<br>imparte la Facultad de Derecho y Ciencias Sociales (FADYCS).<br>Durante el evento celebrado en el Espacio Cultural Metropolitano de Tampico, el rector<br>estuvo acompa\u00f1ado por el secretario de Turismo del Gobierno del Estado, Benjam\u00edn<br>Hern\u00e1ndez Rodr\u00edguez, padrino de la generaci\u00f3n, y por la directora de la FADYCS, Elda<br>Ruth de los Reyes Villarreal.<br>En su mensaje, el rector D\u00e1maso Anaya expres\u00f3 su felicitaci\u00f3n a los graduados y agradeci\u00f3<br>a los padres de familia por la confianza depositada en la UAT.<br>Destac\u00f3 la labor de los docentes en la formaci\u00f3n de los nuevos profesionales y subray\u00f3 que<br>este logro marca el inicio de nuevos desaf\u00edos, los cuales deber\u00e1n enfrentar con el<br>conocimiento, los valores y la \u00e9tica profesional adquiridos en la universidad.<br>Por su parte, la directora Elda Ruth de los Reyes destac\u00f3 el compromiso de la UAT con la<br>formaci\u00f3n de profesionistas con valores.<br>Invit\u00f3 a los egresados a seguir capacit\u00e1ndose y resalt\u00f3 el respaldo institucional que ha<br>permitido mejorar la infraestructura de la facultad, mencionando proyectos como la Torre<br>de Comunicaci\u00f3n, la adecuaci\u00f3n de aulas y la construcci\u00f3n de nuevos espacios para el<br>mejoramiento integral de la comunidad estudiantil.<br>En su oportunidad, el padrino de la generaci\u00f3n, Benjam\u00edn Hern\u00e1ndez Rodr\u00edguez felicit\u00f3 a<br>los egresados por su logro acad\u00e9mico y los exhort\u00f3 a seguir contribuyendo al desarrollo de<br>Tamaulipas y del pa\u00eds, aplicando sus conocimientos con compromiso, visi\u00f3n y<br>responsabilidad.<br>Reconoci\u00f3 la labor de la UAT en la preparaci\u00f3n de profesionales altamente capacitados y<br>subray\u00f3 que la vinculaci\u00f3n entre la universidad y los sectores estrat\u00e9gicos del estado es<\/p>\n\n\n\n<p>clave para el desarrollo de Tamaulipas.<br>Durante la ceremonia, se realiz\u00f3 la entrega de constancias de graduaci\u00f3n a los egresados y<br>reconocimientos a los alumnos con los mejores promedios de cada carrera. En<br>representaci\u00f3n de la generaci\u00f3n, el alumno V\u00edctor Aurelio Casanova Gonz\u00e1lez, expres\u00f3 su<br>gratitud a la UAT, a sus docentes y familias por el apoyo brindado durante su formaci\u00f3n.<\/p>\n","protected":false},"excerpt":{"rendered":"<p>El rector de la Universidad Aut\u00f3noma de Tamaulipas (UAT), D\u00e1maso Anaya Alvarado,presidi\u00f3 la graduaci\u00f3n de 246 egresados de las carreras de Derecho, Ciencias de laComunicaci\u00f3n, Gesti\u00f3n y Desarrollo Tur\u00edstico, Econom\u00eda y Finanzas, y Psicolog\u00eda, queimparte la Facultad de Derecho y Ciencias Sociales (FADYCS).Durante el evento celebrado en el Espacio Cultural Metropolitano de Tampico, el rectorestuvo [&hellip;]<\/p>\n","protected":false},"author":1,"featured_media":4086,"comment_status":"open","ping_status":"open","sticky":false,"template":"","format":"standard","meta":{"footnotes":""},"categories":[4],"tags":[],"class_list":["post-4085","post","type-post","status-publish","format-standard","has-post-thumbnail","hentry","category-universidades"],"blog_post_layout_featured_media_urls":{"thumbnail":["https:\/\/elregionaldigital.info\/wp-content\/uploads\/2025\/02\/grad1-1-150x150.jpeg",150,150,true],"full":["https:\/\/elregionaldigital.info\/wp-content\/uploads\/2025\/02\/grad1-1.jpeg",2560,1706,false]},"categories_names":{"4":{"name":"Universidades","link":"https:\/\/elregionaldigital.info\/?cat=4"}},"tags_names":[],"comments_number":"0","wpmagazine_modules_lite_featured_media_urls":{"thumbnail":["https:\/\/elregionaldigital.info\/wp-content\/uploads\/2025\/02\/grad1-1-150x150.jpeg",150,150,true],"cvmm-medium":["https:\/\/elregionaldigital.info\/wp-content\/uploads\/2025\/02\/grad1-1-300x300.jpeg",300,300,true],"cvmm-medium-plus":["https:\/\/elregionaldigital.info\/wp-content\/uploads\/2025\/02\/grad1-1-305x207.jpeg",305,207,true],"cvmm-portrait":["https:\/\/elregionaldigital.info\/wp-content\/uploads\/2025\/02\/grad1-1-400x600.jpeg",400,600,true],"cvmm-medium-square":["https:\/\/elregionaldigital.info\/wp-content\/uploads\/2025\/02\/grad1-1-600x600.jpeg",600,600,true],"cvmm-large":["https:\/\/elregionaldigital.info\/wp-content\/uploads\/2025\/02\/grad1-1-1024x1024.jpeg",1024,1024,true],"cvmm-small":["https:\/\/elregionaldigital.info\/wp-content\/uploads\/2025\/02\/grad1-1-130x95.jpeg",130,95,true],"full":["https:\/\/elregionaldigital.info\/wp-content\/uploads\/2025\/02\/grad1-1.jpeg",2560,1706,false]},"_links":{"self":[{"href":"https:\/\/elregionaldigital.info\/index.php?rest_route=\/wp\/v2\/posts\/4085","targetHints":{"allow":["GET"]}}],"collection":[{"href":"https:\/\/elregionaldigital.info\/index.php?rest_route=\/wp\/v2\/posts"}],"about":[{"href":"https:\/\/elregionaldigital.info\/index.php?rest_route=\/wp\/v2\/types\/post"}],"author":[{"embeddable":true,"href":"https:\/\/elregionaldigital.info\/index.php?rest_route=\/wp\/v2\/users\/1"}],"replies":[{"embeddable":true,"href":"https:\/\/elregionaldigital.info\/index.php?rest_route=%2Fwp%2Fv2%2Fcomments&post=4085"}],"version-history":[{"count":1,"href":"https:\/\/elregionaldigital.info\/index.php?rest_route=\/wp\/v2\/posts\/4085\/revisions"}],"predecessor-version":[{"id":4087,"href":"https:\/\/elregionaldigital.info\/index.php?rest_route=\/wp\/v2\/posts\/4085\/revisions\/4087"}],"wp:featuredmedia":[{"embeddable":true,"href":"https:\/\/elregionaldigital.info\/index.php?rest_route=\/wp\/v2\/media\/4086"}],"wp:attachment":[{"href":"https:\/\/elregionaldigital.info\/index.php?rest_route=%2Fwp%2Fv2%2Fmedia&parent=4085"}],"wp:term":[{"taxonomy":"category","embeddable":true,"href":"https:\/\/elregionaldigital.info\/index.php?rest_route=%2Fwp%2Fv2%2Fcategories&post=4085"},{"taxonomy":"post_tag","embeddable":true,"href":"https:\/\/elregionaldigital.info\/index.php?rest_route=%2Fwp%2Fv2%2Ftags&post=4085"}],"curies":[{"name":"wp","href":"https:\/\/api.w.org\/{rel}","templated":true}]}}