{"id":4082,"date":"2025-01-31T16:15:48","date_gmt":"2025-01-31T16:15:48","guid":{"rendered":"https:\/\/elregionaldigital.info\/?p=4082"},"modified":"2025-02-04T16:16:18","modified_gmt":"2025-02-04T16:16:18","slug":"rector-de-la-uat-supervisa-equipamiento-en-la-facultad-de-medicina-tampico","status":"publish","type":"post","link":"https:\/\/elregionaldigital.info\/?p=4082","title":{"rendered":"Rector de la UAT supervisa equipamiento en la Facultad de Medicina Tampico"},"content":{"rendered":"\n<p>Como parte de las acciones para fortalecer la formaci\u00f3n acad\u00e9mica y pr\u00e1ctica, el rector de<br>la Universidad Aut\u00f3noma de Tamaulipas (UAT), D\u00e1maso Anaya Alvarado, hizo un recorrido<br>por la Facultad de Medicina de Tampico, acompa\u00f1ado por los integrantes del Patronato<br>Universitario, Salvador Salazar Herrera y Francisco Rivera Cortez, quienes constataron la<br>calidad de infraestructura, equipos y herramientas que complementan la preparaci\u00f3n de<br>los estudiantes.<br>En su visita a este plantel universitario del Campus Sur, el rector D\u00e1maso Anaya supervis\u00f3<br>el \u00e1rea de quir\u00f3fanos, el laboratorio de medicina experimental y diversas \u00e1reas equipadas<br>con tecnolog\u00eda avanzada para la formaci\u00f3n m\u00e9dica.<br>El director de la Facultad de Medicina de Tampico, Ra\u00fal de Le\u00f3n Escobedo, explic\u00f3 los<br>avances de obras y el equipamiento de las \u00e1reas que se han destinado para la pr\u00e1ctica y la<br>ense\u00f1anza, como parte del plan de infraestructura y mejoramiento que impulsa la<br>administraci\u00f3n rectoral.<br>Con la participaci\u00f3n de estudiantes y docentes, se expuso el funcionamiento de maniqu\u00edes<br>de simulaci\u00f3n, incluyendo modelos para exploraci\u00f3n abdominal, diagn\u00f3stico de patolog\u00edas<br>oculares y auditivas, y un simulador neonatal con acceso a procedimientos especializados.<br>Se mostr\u00f3 el chaleco de exploraci\u00f3n mamaria, que permite identificar patolog\u00edas mediante<br>t\u00e9cnicas de palpaci\u00f3n, y la plataforma interactiva Body Interact, que permite evaluar<br>pacientes virtuales en escenarios cl\u00ednicos controlados, facilitando la toma de decisiones<br>m\u00e9dicas y el desarrollo de habilidades diagn\u00f3sticas.<br>El rector D\u00e1maso Anaya incluy\u00f3 en su recorrido una visita a los quir\u00f3fanos, los cuales<br>destacan por su amplitud y equipamiento de vanguardia, adem\u00e1s de supervisar la<br>construcci\u00f3n de dos laboratorios, la terminaci\u00f3n de un aula de medicina inteligente y la<\/p>\n\n\n\n<p>habilitaci\u00f3n de dos quir\u00f3fanos en el edificio de pr\u00e1cticas quir\u00fargicas, destac\u00e1ndose la<br>reciente obtenci\u00f3n de una m\u00e1quina de anestesia y monitores de signos vitales, con los<br>cuales se asegurar\u00e1 una capacitaci\u00f3n de calidad para los futuros profesionales de la salud.<\/p>\n","protected":false},"excerpt":{"rendered":"<p>Como parte de las acciones para fortalecer la formaci\u00f3n acad\u00e9mica y pr\u00e1ctica, el rector dela Universidad Aut\u00f3noma de Tamaulipas (UAT), D\u00e1maso Anaya Alvarado, hizo un recorridopor la Facultad de Medicina de Tampico, acompa\u00f1ado por los integrantes del PatronatoUniversitario, Salvador Salazar Herrera y Francisco Rivera Cortez, quienes constataron lacalidad de infraestructura, equipos y herramientas que complementan [&hellip;]<\/p>\n","protected":false},"author":1,"featured_media":4083,"comment_status":"open","ping_status":"open","sticky":false,"template":"","format":"standard","meta":{"footnotes":""},"categories":[4],"tags":[],"class_list":["post-4082","post","type-post","status-publish","format-standard","has-post-thumbnail","hentry","category-universidades"],"blog_post_layout_featured_media_urls":{"thumbnail":["https:\/\/elregionaldigital.info\/wp-content\/uploads\/2025\/02\/1-1-150x150.jpg",150,150,true],"full":["https:\/\/elregionaldigital.info\/wp-content\/uploads\/2025\/02\/1-1-scaled.jpg",2560,1707,false]},"categories_names":{"4":{"name":"Universidades","link":"https:\/\/elregionaldigital.info\/?cat=4"}},"tags_names":[],"comments_number":"0","wpmagazine_modules_lite_featured_media_urls":{"thumbnail":["https:\/\/elregionaldigital.info\/wp-content\/uploads\/2025\/02\/1-1-150x150.jpg",150,150,true],"cvmm-medium":["https:\/\/elregionaldigital.info\/wp-content\/uploads\/2025\/02\/1-1-300x300.jpg",300,300,true],"cvmm-medium-plus":["https:\/\/elregionaldigital.info\/wp-content\/uploads\/2025\/02\/1-1-305x207.jpg",305,207,true],"cvmm-portrait":["https:\/\/elregionaldigital.info\/wp-content\/uploads\/2025\/02\/1-1-400x600.jpg",400,600,true],"cvmm-medium-square":["https:\/\/elregionaldigital.info\/wp-content\/uploads\/2025\/02\/1-1-600x600.jpg",600,600,true],"cvmm-large":["https:\/\/elregionaldigital.info\/wp-content\/uploads\/2025\/02\/1-1-scaled.jpg",1024,683,false],"cvmm-small":["https:\/\/elregionaldigital.info\/wp-content\/uploads\/2025\/02\/1-1-scaled.jpg",130,87,false],"full":["https:\/\/elregionaldigital.info\/wp-content\/uploads\/2025\/02\/1-1-scaled.jpg",2560,1707,false]},"_links":{"self":[{"href":"https:\/\/elregionaldigital.info\/index.php?rest_route=\/wp\/v2\/posts\/4082","targetHints":{"allow":["GET"]}}],"collection":[{"href":"https:\/\/elregionaldigital.info\/index.php?rest_route=\/wp\/v2\/posts"}],"about":[{"href":"https:\/\/elregionaldigital.info\/index.php?rest_route=\/wp\/v2\/types\/post"}],"author":[{"embeddable":true,"href":"https:\/\/elregionaldigital.info\/index.php?rest_route=\/wp\/v2\/users\/1"}],"replies":[{"embeddable":true,"href":"https:\/\/elregionaldigital.info\/index.php?rest_route=%2Fwp%2Fv2%2Fcomments&post=4082"}],"version-history":[{"count":1,"href":"https:\/\/elregionaldigital.info\/index.php?rest_route=\/wp\/v2\/posts\/4082\/revisions"}],"predecessor-version":[{"id":4084,"href":"https:\/\/elregionaldigital.info\/index.php?rest_route=\/wp\/v2\/posts\/4082\/revisions\/4084"}],"wp:featuredmedia":[{"embeddable":true,"href":"https:\/\/elregionaldigital.info\/index.php?rest_route=\/wp\/v2\/media\/4083"}],"wp:attachment":[{"href":"https:\/\/elregionaldigital.info\/index.php?rest_route=%2Fwp%2Fv2%2Fmedia&parent=4082"}],"wp:term":[{"taxonomy":"category","embeddable":true,"href":"https:\/\/elregionaldigital.info\/index.php?rest_route=%2Fwp%2Fv2%2Fcategories&post=4082"},{"taxonomy":"post_tag","embeddable":true,"href":"https:\/\/elregionaldigital.info\/index.php?rest_route=%2Fwp%2Fv2%2Ftags&post=4082"}],"curies":[{"name":"wp","href":"https:\/\/api.w.org\/{rel}","templated":true}]}}