{"id":4070,"date":"2025-01-28T15:26:39","date_gmt":"2025-01-28T15:26:39","guid":{"rendered":"https:\/\/elregionaldigital.info\/?p=4070"},"modified":"2025-02-04T15:27:08","modified_gmt":"2025-02-04T15:27:08","slug":"inicia-la-uat-con-alta-demanda-de-aspirantes-el-proceso-de-admision-2025","status":"publish","type":"post","link":"https:\/\/elregionaldigital.info\/?p=4070","title":{"rendered":"Inicia la UAT con alta demanda de aspirantes el proceso de admisi\u00f3n 2025"},"content":{"rendered":"\n<p>Con una alta demanda de aspirantes a ingresar a los programas de licenciatura en todas<br>sus facultades y unidades acad\u00e9micas, la Universidad Aut\u00f3noma de Tamaulipas (UAT)<br>inici\u00f3 el proceso de admisi\u00f3n para el ciclo escolar Oto\u00f1o 2025-3 (agosto-diciembre 2025).<br>Oficialmente, el proceso se abri\u00f3 desde este lunes 27 de enero, con una notable demanda<br>en el sistema de registro de aspirantes quienes inician este tr\u00e1mite como primer paso<br>hacia su admisi\u00f3n.<br>Para el ciclo escolar de oto\u00f1o, la UAT oferta m\u00e1s de ochenta programas educativos<br>(licenciaturas e ingenier\u00edas) en sus veinticuatro planteles de educaci\u00f3n superior que se<br>distribuyen en las sedes universitarias ubicadas en Nuevo Laredo, Reynosa, R\u00edo Bravo,<br>Valle Hermoso, Matamoros, Ciudad Victoria, Ciudad Mante y Tampico.<br>Este proceso, que se extiende hasta el 29 de abril de 2025, ofrece a los aspirantes la<br>oportunidad de realizar su registro totalmente en l\u00ednea, a trav\u00e9s del sitio<br>https:\/\/aspirantes.uat.edu.mx donde podr\u00e1n completar su procedimiento de manera<br>r\u00e1pida y segura.<br>Con el fin de tomar una decisi\u00f3n informada sobre su futuro acad\u00e9mico, se invita a los<br>aspirantes a consultar la \u201cOferta Educativa\u201d, publicada en el portal institucional<br>www.uat.edu.mx. En esta secci\u00f3n, encontrar\u00e1n informaci\u00f3n detallada sobre las opciones<br>acad\u00e9micas que la Universidad ofrece, as\u00ed como los perfiles de ingreso y las caracter\u00edsticas<br>de cada programa de licenciatura, ingenier\u00eda, t\u00e9cnico superior universitario y de<br>bachillerato.<br>Los datos de contacto de cada facultad, unidad acad\u00e9mica y escuela preparatoria est\u00e1n<br>disponibles en el directorio de la Universidad, accesible a trav\u00e9s de las redes sociales<br>institucionales y en el apartado \u201cCampus\u201d del portal oficial.<\/p>\n\n\n\n<p>La UAT invita a consultar de manera detallada toda la informaci\u00f3n disponible sobre el<br>proceso de admisi\u00f3n y los programas acad\u00e9micos para asegurar una inscripci\u00f3n correcta y<br>dentro de los plazos establecidos.<\/p>\n","protected":false},"excerpt":{"rendered":"<p>Con una alta demanda de aspirantes a ingresar a los programas de licenciatura en todassus facultades y unidades acad\u00e9micas, la Universidad Aut\u00f3noma de Tamaulipas (UAT)inici\u00f3 el proceso de admisi\u00f3n para el ciclo escolar Oto\u00f1o 2025-3 (agosto-diciembre 2025).Oficialmente, el proceso se abri\u00f3 desde este lunes 27 de enero, con una notable demandaen el sistema de registro [&hellip;]<\/p>\n","protected":false},"author":1,"featured_media":4071,"comment_status":"open","ping_status":"open","sticky":false,"template":"","format":"standard","meta":{"footnotes":""},"categories":[4],"tags":[],"class_list":["post-4070","post","type-post","status-publish","format-standard","has-post-thumbnail","hentry","category-universidades"],"blog_post_layout_featured_media_urls":{"thumbnail":["https:\/\/elregionaldigital.info\/wp-content\/uploads\/2025\/02\/1-6-150x150.jpg",150,150,true],"full":["https:\/\/elregionaldigital.info\/wp-content\/uploads\/2025\/02\/1-6-scaled.jpg",2560,1707,false]},"categories_names":{"4":{"name":"Universidades","link":"https:\/\/elregionaldigital.info\/?cat=4"}},"tags_names":[],"comments_number":"0","wpmagazine_modules_lite_featured_media_urls":{"thumbnail":["https:\/\/elregionaldigital.info\/wp-content\/uploads\/2025\/02\/1-6-150x150.jpg",150,150,true],"cvmm-medium":["https:\/\/elregionaldigital.info\/wp-content\/uploads\/2025\/02\/1-6-300x300.jpg",300,300,true],"cvmm-medium-plus":["https:\/\/elregionaldigital.info\/wp-content\/uploads\/2025\/02\/1-6-305x207.jpg",305,207,true],"cvmm-portrait":["https:\/\/elregionaldigital.info\/wp-content\/uploads\/2025\/02\/1-6-400x600.jpg",400,600,true],"cvmm-medium-square":["https:\/\/elregionaldigital.info\/wp-content\/uploads\/2025\/02\/1-6-600x600.jpg",600,600,true],"cvmm-large":["https:\/\/elregionaldigital.info\/wp-content\/uploads\/2025\/02\/1-6-1024x1024.jpg",1024,1024,true],"cvmm-small":["https:\/\/elregionaldigital.info\/wp-content\/uploads\/2025\/02\/1-6-130x95.jpg",130,95,true],"full":["https:\/\/elregionaldigital.info\/wp-content\/uploads\/2025\/02\/1-6-scaled.jpg",2560,1707,false]},"_links":{"self":[{"href":"https:\/\/elregionaldigital.info\/index.php?rest_route=\/wp\/v2\/posts\/4070","targetHints":{"allow":["GET"]}}],"collection":[{"href":"https:\/\/elregionaldigital.info\/index.php?rest_route=\/wp\/v2\/posts"}],"about":[{"href":"https:\/\/elregionaldigital.info\/index.php?rest_route=\/wp\/v2\/types\/post"}],"author":[{"embeddable":true,"href":"https:\/\/elregionaldigital.info\/index.php?rest_route=\/wp\/v2\/users\/1"}],"replies":[{"embeddable":true,"href":"https:\/\/elregionaldigital.info\/index.php?rest_route=%2Fwp%2Fv2%2Fcomments&post=4070"}],"version-history":[{"count":1,"href":"https:\/\/elregionaldigital.info\/index.php?rest_route=\/wp\/v2\/posts\/4070\/revisions"}],"predecessor-version":[{"id":4072,"href":"https:\/\/elregionaldigital.info\/index.php?rest_route=\/wp\/v2\/posts\/4070\/revisions\/4072"}],"wp:featuredmedia":[{"embeddable":true,"href":"https:\/\/elregionaldigital.info\/index.php?rest_route=\/wp\/v2\/media\/4071"}],"wp:attachment":[{"href":"https:\/\/elregionaldigital.info\/index.php?rest_route=%2Fwp%2Fv2%2Fmedia&parent=4070"}],"wp:term":[{"taxonomy":"category","embeddable":true,"href":"https:\/\/elregionaldigital.info\/index.php?rest_route=%2Fwp%2Fv2%2Fcategories&post=4070"},{"taxonomy":"post_tag","embeddable":true,"href":"https:\/\/elregionaldigital.info\/index.php?rest_route=%2Fwp%2Fv2%2Ftags&post=4070"}],"curies":[{"name":"wp","href":"https:\/\/api.w.org\/{rel}","templated":true}]}}