{"id":4067,"date":"2025-01-27T14:45:06","date_gmt":"2025-01-27T14:45:06","guid":{"rendered":"https:\/\/elregionaldigital.info\/?p=4067"},"modified":"2025-02-04T14:45:39","modified_gmt":"2025-02-04T14:45:39","slug":"rector-de-la-uat-participa-en-el-acuerdo-nacional-de-la-educacion-superior-y-el-sector-empresarial","status":"publish","type":"post","link":"https:\/\/elregionaldigital.info\/?p=4067","title":{"rendered":"Rector de la UAT participa en el acuerdo nacional de la educaci\u00f3n superior y el sector empresarial"},"content":{"rendered":"\n<p><\/p>\n\n\n\n<p>El rector de la Universidad Aut\u00f3noma de Tamaulipas (UAT), D\u00e1maso Anaya Alvarado,<br>asisti\u00f3 este lunes a la firma del Acuerdo Nacional para Fortalecer la Formaci\u00f3n Profesional,<br>el Conocimiento Tecnol\u00f3gico y la Innovaci\u00f3n, realizado en la Ciudad de M\u00e9xico, cuyo<br>evento fue encabezado por el titular de la Secretar\u00eda de Educaci\u00f3n P\u00fablica (SEP), Mario<br>Delgado Carrillo.<br>El acuerdo que busca impulsar la generaci\u00f3n de recursos humanos de alto nivel es una<br>alianza estrat\u00e9gica entre la Asociaci\u00f3n Nacional de Universidades e Instituciones de<br>Educaci\u00f3n Superior (ANUIES), la Secretar\u00eda de Educaci\u00f3n P\u00fablica (SEP), la Secretar\u00eda de<br>Ciencia, Humanidades, Tecnolog\u00eda e Innovaci\u00f3n (SECIHTI) y el Consejo Coordinador<br>Empresarial.<br>La asistencia del rector D\u00e1maso Anaya a este evento se lleva a cabo dentro de la<br>participaci\u00f3n de la UAT como integrante de la ANUIES, reafirmando su compromiso y<br>respaldo a la convocatoria de la presidenta Claudia Sheinbaum Pardo para trabajar por el<br>Plan M\u00e9xico y colaborar en el desarrollo nacional en sinergia con el sector productivo.<br>El acuerdo fue firmado por el titular de la SEP, Mario Delgado Carrillo; la secretaria de<br>SECIHTI, Rosaura Ruiz Guti\u00e9rrez; el presidente del Consejo Coordinador Empresarial,<br>Francisco Cervantes D\u00edaz; y el secretario general ejecutivo de la ANUIES, Luis Armando<br>Gonz\u00e1lez Placencia.<br>Tambi\u00e9n estuvieron como testigos la embajadora del Reino Unido, Gran Breta\u00f1a e Irlanda<br>del Norte, Susannah Goshko; la embajadora adjunta de Australia, Penny Toledo; y el<br>embajador adjunto de Canad\u00e1, Mark Richardson; adem\u00e1s de diplom\u00e1ticos de Estados<br>Unidos, Francia y Alemania; as\u00ed como titulares de las 244 instituciones afiliadas a la<br>ANUIES.<\/p>\n\n\n\n<p>Integran estrategias para la inclusi\u00f3n e igualdad en la educaci\u00f3n superior<br>Posteriormente, el rector D\u00e1maso Anaya Alvarado particip\u00f3 en la reuni\u00f3n de la ANUIES,<br>donde se instalaron 33 comisiones para analizar, dise\u00f1ar y recomendar la<br>instrumentaci\u00f3n, seguimiento o evaluaci\u00f3n de pol\u00edticas p\u00fablicas en temas estrat\u00e9gicos.<br>Estos trabajos de los rectores de todo el pa\u00eds tienen como finalidad la mejora de la<br>educaci\u00f3n superior y la construcci\u00f3n de un futuro con igualdad e inclusi\u00f3n.<\/p>\n","protected":false},"excerpt":{"rendered":"<p>El rector de la Universidad Aut\u00f3noma de Tamaulipas (UAT), D\u00e1maso Anaya Alvarado,asisti\u00f3 este lunes a la firma del Acuerdo Nacional para Fortalecer la Formaci\u00f3n Profesional,el Conocimiento Tecnol\u00f3gico y la Innovaci\u00f3n, realizado en la Ciudad de M\u00e9xico, cuyoevento fue encabezado por el titular de la Secretar\u00eda de Educaci\u00f3n P\u00fablica (SEP), MarioDelgado Carrillo.El acuerdo que busca impulsar [&hellip;]<\/p>\n","protected":false},"author":1,"featured_media":4068,"comment_status":"open","ping_status":"open","sticky":false,"template":"","format":"standard","meta":{"footnotes":""},"categories":[4],"tags":[],"class_list":["post-4067","post","type-post","status-publish","format-standard","has-post-thumbnail","hentry","category-universidades"],"blog_post_layout_featured_media_urls":{"thumbnail":["https:\/\/elregionaldigital.info\/wp-content\/uploads\/2025\/02\/foto003-150x150.jpg",150,150,true],"full":["https:\/\/elregionaldigital.info\/wp-content\/uploads\/2025\/02\/foto003.jpg",2560,1182,false]},"categories_names":{"4":{"name":"Universidades","link":"https:\/\/elregionaldigital.info\/?cat=4"}},"tags_names":[],"comments_number":"0","wpmagazine_modules_lite_featured_media_urls":{"thumbnail":["https:\/\/elregionaldigital.info\/wp-content\/uploads\/2025\/02\/foto003-150x150.jpg",150,150,true],"cvmm-medium":["https:\/\/elregionaldigital.info\/wp-content\/uploads\/2025\/02\/foto003-300x300.jpg",300,300,true],"cvmm-medium-plus":["https:\/\/elregionaldigital.info\/wp-content\/uploads\/2025\/02\/foto003-305x207.jpg",305,207,true],"cvmm-portrait":["https:\/\/elregionaldigital.info\/wp-content\/uploads\/2025\/02\/foto003-400x600.jpg",400,600,true],"cvmm-medium-square":["https:\/\/elregionaldigital.info\/wp-content\/uploads\/2025\/02\/foto003-600x600.jpg",600,600,true],"cvmm-large":["https:\/\/elregionaldigital.info\/wp-content\/uploads\/2025\/02\/foto003-1024x1024.jpg",1024,1024,true],"cvmm-small":["https:\/\/elregionaldigital.info\/wp-content\/uploads\/2025\/02\/foto003-130x95.jpg",130,95,true],"full":["https:\/\/elregionaldigital.info\/wp-content\/uploads\/2025\/02\/foto003.jpg",2560,1182,false]},"_links":{"self":[{"href":"https:\/\/elregionaldigital.info\/index.php?rest_route=\/wp\/v2\/posts\/4067","targetHints":{"allow":["GET"]}}],"collection":[{"href":"https:\/\/elregionaldigital.info\/index.php?rest_route=\/wp\/v2\/posts"}],"about":[{"href":"https:\/\/elregionaldigital.info\/index.php?rest_route=\/wp\/v2\/types\/post"}],"author":[{"embeddable":true,"href":"https:\/\/elregionaldigital.info\/index.php?rest_route=\/wp\/v2\/users\/1"}],"replies":[{"embeddable":true,"href":"https:\/\/elregionaldigital.info\/index.php?rest_route=%2Fwp%2Fv2%2Fcomments&post=4067"}],"version-history":[{"count":1,"href":"https:\/\/elregionaldigital.info\/index.php?rest_route=\/wp\/v2\/posts\/4067\/revisions"}],"predecessor-version":[{"id":4069,"href":"https:\/\/elregionaldigital.info\/index.php?rest_route=\/wp\/v2\/posts\/4067\/revisions\/4069"}],"wp:featuredmedia":[{"embeddable":true,"href":"https:\/\/elregionaldigital.info\/index.php?rest_route=\/wp\/v2\/media\/4068"}],"wp:attachment":[{"href":"https:\/\/elregionaldigital.info\/index.php?rest_route=%2Fwp%2Fv2%2Fmedia&parent=4067"}],"wp:term":[{"taxonomy":"category","embeddable":true,"href":"https:\/\/elregionaldigital.info\/index.php?rest_route=%2Fwp%2Fv2%2Fcategories&post=4067"},{"taxonomy":"post_tag","embeddable":true,"href":"https:\/\/elregionaldigital.info\/index.php?rest_route=%2Fwp%2Fv2%2Ftags&post=4067"}],"curies":[{"name":"wp","href":"https:\/\/api.w.org\/{rel}","templated":true}]}}