{"id":4042,"date":"2025-01-19T20:53:43","date_gmt":"2025-01-19T20:53:43","guid":{"rendered":"https:\/\/elregionaldigital.info\/?p=4042"},"modified":"2025-01-22T20:54:10","modified_gmt":"2025-01-22T20:54:10","slug":"la-uat-esta-entre-las-mejores-universidades-a-nivel-internacional-en-promover-la-ciberseguridad","status":"publish","type":"post","link":"https:\/\/elregionaldigital.info\/?p=4042","title":{"rendered":"La UAT est\u00e1 entre las mejores universidades a nivel internacional en promover la ciberseguridad"},"content":{"rendered":"\n<p><\/p>\n\n\n\n<p>La Universidad Aut\u00f3noma de Tamaulipas (UAT) ha sido distinguida con el prestigioso sello<br>\u201cC3! Cyber: Cultura, Conciencia y Comunicaci\u00f3n en Ciberseguridad\u201d, un galard\u00f3n otorgado<br>por MetaRed TIC y su Grupo de Trabajo Internacional de Ciberseguridad.<br>Este reconocimiento resalta el compromiso y liderazgo de la UAT en la promoci\u00f3n de una<br>cultura de ciberseguridad, y a su vez, el trabajo que impulsa el rector D\u00e1maso Anaya<br>Alvarado al procurar los esfuerzos por generar conciencia y capacitaci\u00f3n sobre la<br>protecci\u00f3n de la informaci\u00f3n en el \u00e1mbito universitario.<br>La UAT fue una de las diecisiete instituciones seleccionadas a nivel internacional para<br>recibir esta distinci\u00f3n, lo que subraya la importancia de sus iniciativas, mediante las cuales<br>logr\u00f3, a trav\u00e9s de pr\u00e1cticas divulgativas y recursos educativos, fortalecer el aprendizaje de<br>la comunidad universitaria, enfoc\u00e1ndose en la confidencialidad, integridad y disponibilidad<br>de la informaci\u00f3n.<br>El reconocimiento fue entregado en el marco del Encuentro ANUIES-TIC 2024, celebrado<br>en la Universidad Aut\u00f3noma de Chihuahua, donde se reuni\u00f3 a destacados especialistas en<br>tecnolog\u00eda de la informaci\u00f3n.<br>La selecci\u00f3n de las instituciones galardonadas fue realizada por un jurado conformado por<br>los coordinadores de los grupos de trabajo de los pa\u00edses miembros de MetaRed TIC,<br>siendo esta la red que agrupa a instituciones de educaci\u00f3n superior de Iberoam\u00e9rica, con<br>el objetivo de compartir mejores pr\u00e1cticas e impulsar desarrollos colaborativos en<br>tecnolog\u00edas de la informaci\u00f3n y las comunicaciones (TIC) para fortalecer la seguridad y la<br>transformaci\u00f3n digital.<br>Con este galard\u00f3n, la UAT reafirma su liderazgo en el \u00e1mbito de la ciberseguridad,<br>consolidando su compromiso con la seguridad de la informaci\u00f3n y el cumplimiento de<\/p>\n\n\n\n<p>normas internacionales alineadas con el est\u00e1ndar ISO IEC 27001.<\/p>\n","protected":false},"excerpt":{"rendered":"<p>La Universidad Aut\u00f3noma de Tamaulipas (UAT) ha sido distinguida con el prestigioso sello\u201cC3! Cyber: Cultura, Conciencia y Comunicaci\u00f3n en Ciberseguridad\u201d, un galard\u00f3n otorgadopor MetaRed TIC y su Grupo de Trabajo Internacional de Ciberseguridad.Este reconocimiento resalta el compromiso y liderazgo de la UAT en la promoci\u00f3n de unacultura de ciberseguridad, y a su vez, el trabajo [&hellip;]<\/p>\n","protected":false},"author":1,"featured_media":4043,"comment_status":"open","ping_status":"open","sticky":false,"template":"","format":"standard","meta":{"footnotes":""},"categories":[4],"tags":[],"class_list":["post-4042","post","type-post","status-publish","format-standard","has-post-thumbnail","hentry","category-universidades"],"blog_post_layout_featured_media_urls":{"thumbnail":["https:\/\/elregionaldigital.info\/wp-content\/uploads\/2025\/01\/foto-1-150x150.jpg",150,150,true],"full":["https:\/\/elregionaldigital.info\/wp-content\/uploads\/2025\/01\/foto-1.jpg",2560,1706,false]},"categories_names":{"4":{"name":"Universidades","link":"https:\/\/elregionaldigital.info\/?cat=4"}},"tags_names":[],"comments_number":"0","wpmagazine_modules_lite_featured_media_urls":{"thumbnail":["https:\/\/elregionaldigital.info\/wp-content\/uploads\/2025\/01\/foto-1-150x150.jpg",150,150,true],"cvmm-medium":["https:\/\/elregionaldigital.info\/wp-content\/uploads\/2025\/01\/foto-1-300x300.jpg",300,300,true],"cvmm-medium-plus":["https:\/\/elregionaldigital.info\/wp-content\/uploads\/2025\/01\/foto-1-305x207.jpg",305,207,true],"cvmm-portrait":["https:\/\/elregionaldigital.info\/wp-content\/uploads\/2025\/01\/foto-1-400x600.jpg",400,600,true],"cvmm-medium-square":["https:\/\/elregionaldigital.info\/wp-content\/uploads\/2025\/01\/foto-1-600x600.jpg",600,600,true],"cvmm-large":["https:\/\/elregionaldigital.info\/wp-content\/uploads\/2025\/01\/foto-1-1024x1024.jpg",1024,1024,true],"cvmm-small":["https:\/\/elregionaldigital.info\/wp-content\/uploads\/2025\/01\/foto-1-130x95.jpg",130,95,true],"full":["https:\/\/elregionaldigital.info\/wp-content\/uploads\/2025\/01\/foto-1.jpg",2560,1706,false]},"_links":{"self":[{"href":"https:\/\/elregionaldigital.info\/index.php?rest_route=\/wp\/v2\/posts\/4042","targetHints":{"allow":["GET"]}}],"collection":[{"href":"https:\/\/elregionaldigital.info\/index.php?rest_route=\/wp\/v2\/posts"}],"about":[{"href":"https:\/\/elregionaldigital.info\/index.php?rest_route=\/wp\/v2\/types\/post"}],"author":[{"embeddable":true,"href":"https:\/\/elregionaldigital.info\/index.php?rest_route=\/wp\/v2\/users\/1"}],"replies":[{"embeddable":true,"href":"https:\/\/elregionaldigital.info\/index.php?rest_route=%2Fwp%2Fv2%2Fcomments&post=4042"}],"version-history":[{"count":1,"href":"https:\/\/elregionaldigital.info\/index.php?rest_route=\/wp\/v2\/posts\/4042\/revisions"}],"predecessor-version":[{"id":4044,"href":"https:\/\/elregionaldigital.info\/index.php?rest_route=\/wp\/v2\/posts\/4042\/revisions\/4044"}],"wp:featuredmedia":[{"embeddable":true,"href":"https:\/\/elregionaldigital.info\/index.php?rest_route=\/wp\/v2\/media\/4043"}],"wp:attachment":[{"href":"https:\/\/elregionaldigital.info\/index.php?rest_route=%2Fwp%2Fv2%2Fmedia&parent=4042"}],"wp:term":[{"taxonomy":"category","embeddable":true,"href":"https:\/\/elregionaldigital.info\/index.php?rest_route=%2Fwp%2Fv2%2Fcategories&post=4042"},{"taxonomy":"post_tag","embeddable":true,"href":"https:\/\/elregionaldigital.info\/index.php?rest_route=%2Fwp%2Fv2%2Ftags&post=4042"}],"curies":[{"name":"wp","href":"https:\/\/api.w.org\/{rel}","templated":true}]}}