{"id":4026,"date":"2025-01-15T18:22:58","date_gmt":"2025-01-15T18:22:58","guid":{"rendered":"https:\/\/elregionaldigital.info\/?p=4026"},"modified":"2025-01-15T18:23:15","modified_gmt":"2025-01-15T18:23:15","slug":"apoya-el-dr-simi-a-victimas-de-los-incendios-en-los-angeles-california","status":"publish","type":"post","link":"https:\/\/elregionaldigital.info\/?p=4026","title":{"rendered":"Apoya el Dr. Simi a v\u00edctimas de los incendios en Los \u00c1ngeles, California"},"content":{"rendered":"\n<p>El Dr. Simi, el ic\u00f3nico personaje mexicano, se uni\u00f3 a los esfuerzos humanitarios en Los \u00c1ngeles para ayudar a las v\u00edctimas de los devastadores incendios que afectan a la ciudad californiana.<\/p>\n\n\n\n<p>Con el respaldo de V\u00edctor Gonz\u00e1lez, director de la compa\u00f1\u00eda y hijo del fundador, el Dr. Simi viaj\u00f3 con el objetivo de llevar \u201cun poco de ayuda y esperanza\u201d a las familias damnificadas.<\/p>\n\n\n\n<p>Durante su visita, se entregaron pa\u00f1ales, alimentos, jaulas y camitas para las mascotas de los afectados, quienes han perdido todo debido a las llamas.<\/p>\n\n\n\n<p>Esta acci\u00f3n altruista se suma a la reciente colaboraci\u00f3n de M\u00e9xico, que envi\u00f3 brigadas de bomberos para apoyar en la contenci\u00f3n de los incendios.<\/p>\n\n\n\n<p>La botarga del querido m\u00e9dico ha tra\u00eddo consuelo y esperanza a una comunidad que atraviesa momentos dif\u00edciles, demostrando el poder de la solidaridad en tiempos de crisis.<\/p>\n\n\n\n<p>Su presencia no solo alienta a quienes lo reciben, sino que simboliza el apoyo de toda una naci\u00f3n en medio de la tragedia.<\/p>\n","protected":false},"excerpt":{"rendered":"<p>El Dr. Simi, el ic\u00f3nico personaje mexicano, se uni\u00f3 a los esfuerzos humanitarios en Los \u00c1ngeles para ayudar a las v\u00edctimas de los devastadores incendios que afectan a la ciudad californiana. Con el respaldo de V\u00edctor Gonz\u00e1lez, director de la compa\u00f1\u00eda y hijo del fundador, el Dr. Simi viaj\u00f3 con el objetivo de llevar \u201cun [&hellip;]<\/p>\n","protected":false},"author":1,"featured_media":4027,"comment_status":"open","ping_status":"open","sticky":false,"template":"","format":"standard","meta":{"footnotes":""},"categories":[11],"tags":[],"class_list":["post-4026","post","type-post","status-publish","format-standard","has-post-thumbnail","hentry","category-mundo"],"blog_post_layout_featured_media_urls":{"thumbnail":["https:\/\/elregionaldigital.info\/wp-content\/uploads\/2025\/01\/15simi-750x563-1-150x150.webp",150,150,true],"full":["https:\/\/elregionaldigital.info\/wp-content\/uploads\/2025\/01\/15simi-750x563-1.webp",750,563,false]},"categories_names":{"11":{"name":"Mundo","link":"https:\/\/elregionaldigital.info\/?cat=11"}},"tags_names":[],"comments_number":"0","wpmagazine_modules_lite_featured_media_urls":{"thumbnail":["https:\/\/elregionaldigital.info\/wp-content\/uploads\/2025\/01\/15simi-750x563-1-150x150.webp",150,150,true],"cvmm-medium":["https:\/\/elregionaldigital.info\/wp-content\/uploads\/2025\/01\/15simi-750x563-1-300x300.webp",300,300,true],"cvmm-medium-plus":["https:\/\/elregionaldigital.info\/wp-content\/uploads\/2025\/01\/15simi-750x563-1-305x207.webp",305,207,true],"cvmm-portrait":["https:\/\/elregionaldigital.info\/wp-content\/uploads\/2025\/01\/15simi-750x563-1-400x563.webp",400,563,true],"cvmm-medium-square":["https:\/\/elregionaldigital.info\/wp-content\/uploads\/2025\/01\/15simi-750x563-1-600x563.webp",600,563,true],"cvmm-large":["https:\/\/elregionaldigital.info\/wp-content\/uploads\/2025\/01\/15simi-750x563-1.webp",750,563,false],"cvmm-small":["https:\/\/elregionaldigital.info\/wp-content\/uploads\/2025\/01\/15simi-750x563-1-130x95.webp",130,95,true],"full":["https:\/\/elregionaldigital.info\/wp-content\/uploads\/2025\/01\/15simi-750x563-1.webp",750,563,false]},"_links":{"self":[{"href":"https:\/\/elregionaldigital.info\/index.php?rest_route=\/wp\/v2\/posts\/4026","targetHints":{"allow":["GET"]}}],"collection":[{"href":"https:\/\/elregionaldigital.info\/index.php?rest_route=\/wp\/v2\/posts"}],"about":[{"href":"https:\/\/elregionaldigital.info\/index.php?rest_route=\/wp\/v2\/types\/post"}],"author":[{"embeddable":true,"href":"https:\/\/elregionaldigital.info\/index.php?rest_route=\/wp\/v2\/users\/1"}],"replies":[{"embeddable":true,"href":"https:\/\/elregionaldigital.info\/index.php?rest_route=%2Fwp%2Fv2%2Fcomments&post=4026"}],"version-history":[{"count":1,"href":"https:\/\/elregionaldigital.info\/index.php?rest_route=\/wp\/v2\/posts\/4026\/revisions"}],"predecessor-version":[{"id":4028,"href":"https:\/\/elregionaldigital.info\/index.php?rest_route=\/wp\/v2\/posts\/4026\/revisions\/4028"}],"wp:featuredmedia":[{"embeddable":true,"href":"https:\/\/elregionaldigital.info\/index.php?rest_route=\/wp\/v2\/media\/4027"}],"wp:attachment":[{"href":"https:\/\/elregionaldigital.info\/index.php?rest_route=%2Fwp%2Fv2%2Fmedia&parent=4026"}],"wp:term":[{"taxonomy":"category","embeddable":true,"href":"https:\/\/elregionaldigital.info\/index.php?rest_route=%2Fwp%2Fv2%2Fcategories&post=4026"},{"taxonomy":"post_tag","embeddable":true,"href":"https:\/\/elregionaldigital.info\/index.php?rest_route=%2Fwp%2Fv2%2Ftags&post=4026"}],"curies":[{"name":"wp","href":"https:\/\/api.w.org\/{rel}","templated":true}]}}