{"id":4020,"date":"2025-01-13T17:43:13","date_gmt":"2025-01-13T17:43:13","guid":{"rendered":"https:\/\/elregionaldigital.info\/?p=4020"},"modified":"2025-01-15T17:43:47","modified_gmt":"2025-01-15T17:43:47","slug":"damaso-anaya-da-inicio-en-tampico-al-ciclo-escolar-de-la-uat","status":"publish","type":"post","link":"https:\/\/elregionaldigital.info\/?p=4020","title":{"rendered":"D\u00e1maso Anaya da inicio en Tampico al ciclo escolar de la UAT"},"content":{"rendered":"\n<p>\uf0b7 Preside rector ceremonia c\u00edvica de apertura a las actividades acad\u00e9micas y hace<br>entrega simb\u00f3lica de equipos de c\u00f3mputo a estudiantes del Centro Universitario<br>Sur.<br>\uf0b7 Reafirma visi\u00f3n de la UAT de ofrecer a la juventud una educaci\u00f3n humanista,<br>inclusiva e innovadora que responda a las necesidades de su comunidad.<br>Al presidir la ceremonia c\u00edvica de inicio de las actividades acad\u00e9micas 2025 de la<br>Universidad Aut\u00f3noma de Tamaulipas (UAT), el rector D\u00e1maso Anaya Alvarado reafirm\u00f3 el<br>compromiso de la casa de estudios de ofrecer a la juventud una educaci\u00f3n humanista,<br>inclusiva e innovadora que responda a las necesidades de su comunidad.<br>En el evento realizado en el Centro Universitario Sur, el rector estuvo acompa\u00f1ado de su<br>esposa, Isolda Rend\u00f3n de Anaya, presidenta de Familia UAT, y directivos de las facultades<br>y unidades acad\u00e9micas, donde hizo entrega de equipo de c\u00f3mputo port\u00e1til a estudiantes<br>de este campus.<br>En su mensaje de bienvenida al personal docente y a la comunidad estudiantil, D\u00e1maso<br>Anaya destac\u00f3 la importancia de celebrar este inicio de a\u00f1o con una ceremonia c\u00edvica que<br>simboliza los valores de la unidad, el compromiso y la responsabilidad que gu\u00edan a la<br>instituci\u00f3n.<br>\u201cMe entusiasma mucho iniciar aqu\u00ed las actividades acad\u00e9micas en este ic\u00f3nico lugar que<br>vio nacer a la UAT, aqu\u00ed vengo a reafirmar nuestro compromiso de que la instituci\u00f3n siga<br>siendo un motor de cambio para Tamaulipas\u201d, expres\u00f3.<br>Apunt\u00f3 que el 2024 fue un a\u00f1o de importantes avances, en el cual, bajo el enfoque de una<br>educaci\u00f3n humanista, se consolid\u00f3 un modelo acad\u00e9mico que busca transmitir<br>conocimientos y cultivar valores que construyan ciudadanos \u00edntegros y comprometidos<br>con su comunidad.<br>De manera simb\u00f3lica, durante esta ceremonia se entregaron 907 computadoras a<\/p>\n\n\n\n<p>estudiantes. Esto con el apoyo del gobernador Am\u00e9rico Villarreal, con el que se da<br>continuidad a este programa sin precedentes, el cual refleja la visi\u00f3n de una Universidad<br>inclusiva y centrada en las necesidades de su sociedad.<br>Por \u00faltimo, el rector D\u00e1maso Anaya invit\u00f3 a la comunidad universitaria a recibir este a\u00f1o<br>con renovado entusiasmo y a trabajar unidos para consolidar a la UAT como la mejor del<br>noreste de M\u00e9xico.<\/p>\n\n\n\n<p>\u201cSigamos construyendo una Universidad que sea referente de excelencia, humanismo e<br>innovaci\u00f3n, juntos podemos transformar vidas y contribuir al desarrollo social y<br>econ\u00f3mico de nuestro estado\u201d, concluy\u00f3.<br>En el marco de la ceremonia c\u00edvica, el catedr\u00e1tico de la Facultad de Ingenier\u00eda Tampico,<br>Juan Enrique Bermea Barrios, expres\u00f3 el mensaje del claustro docente resaltando el<br>compromiso de sumar esfuerzos para consolidar el proyecto acad\u00e9mico del rector.<br>A su vez, Mar\u00eda del Rosario Franco Segura, estudiante de la Facultad de Arquitectura,<br>Dise\u00f1o y Urbanismo, agradeci\u00f3 al rector por la entrega de las computadoras y por<br>promover m\u00e1s espacios y oportunidades que fortalecen la formaci\u00f3n integral de todo el<br>alumnado.<\/p>\n","protected":false},"excerpt":{"rendered":"<p>\uf0b7 Preside rector ceremonia c\u00edvica de apertura a las actividades acad\u00e9micas y haceentrega simb\u00f3lica de equipos de c\u00f3mputo a estudiantes del Centro UniversitarioSur.\uf0b7 Reafirma visi\u00f3n de la UAT de ofrecer a la juventud una educaci\u00f3n humanista,inclusiva e innovadora que responda a las necesidades de su comunidad.Al presidir la ceremonia c\u00edvica de inicio de las actividades [&hellip;]<\/p>\n","protected":false},"author":1,"featured_media":4021,"comment_status":"open","ping_status":"open","sticky":false,"template":"","format":"standard","meta":{"footnotes":""},"categories":[4],"tags":[],"class_list":["post-4020","post","type-post","status-publish","format-standard","has-post-thumbnail","hentry","category-universidades"],"blog_post_layout_featured_media_urls":{"thumbnail":["https:\/\/elregionaldigital.info\/wp-content\/uploads\/2025\/01\/5-scaled.jpeg",150,100,false],"full":["https:\/\/elregionaldigital.info\/wp-content\/uploads\/2025\/01\/5-scaled.jpeg",2560,1706,false]},"categories_names":{"4":{"name":"Universidades","link":"https:\/\/elregionaldigital.info\/?cat=4"}},"tags_names":[],"comments_number":"0","wpmagazine_modules_lite_featured_media_urls":{"thumbnail":["https:\/\/elregionaldigital.info\/wp-content\/uploads\/2025\/01\/5-scaled.jpeg",150,100,false],"cvmm-medium":["https:\/\/elregionaldigital.info\/wp-content\/uploads\/2025\/01\/5-scaled.jpeg",300,200,false],"cvmm-medium-plus":["https:\/\/elregionaldigital.info\/wp-content\/uploads\/2025\/01\/5-scaled.jpeg",305,203,false],"cvmm-portrait":["https:\/\/elregionaldigital.info\/wp-content\/uploads\/2025\/01\/5-scaled.jpeg",400,267,false],"cvmm-medium-square":["https:\/\/elregionaldigital.info\/wp-content\/uploads\/2025\/01\/5-scaled.jpeg",600,400,false],"cvmm-large":["https:\/\/elregionaldigital.info\/wp-content\/uploads\/2025\/01\/5-scaled.jpeg",1024,682,false],"cvmm-small":["https:\/\/elregionaldigital.info\/wp-content\/uploads\/2025\/01\/5-scaled.jpeg",130,87,false],"full":["https:\/\/elregionaldigital.info\/wp-content\/uploads\/2025\/01\/5-scaled.jpeg",2560,1706,false]},"_links":{"self":[{"href":"https:\/\/elregionaldigital.info\/index.php?rest_route=\/wp\/v2\/posts\/4020","targetHints":{"allow":["GET"]}}],"collection":[{"href":"https:\/\/elregionaldigital.info\/index.php?rest_route=\/wp\/v2\/posts"}],"about":[{"href":"https:\/\/elregionaldigital.info\/index.php?rest_route=\/wp\/v2\/types\/post"}],"author":[{"embeddable":true,"href":"https:\/\/elregionaldigital.info\/index.php?rest_route=\/wp\/v2\/users\/1"}],"replies":[{"embeddable":true,"href":"https:\/\/elregionaldigital.info\/index.php?rest_route=%2Fwp%2Fv2%2Fcomments&post=4020"}],"version-history":[{"count":1,"href":"https:\/\/elregionaldigital.info\/index.php?rest_route=\/wp\/v2\/posts\/4020\/revisions"}],"predecessor-version":[{"id":4022,"href":"https:\/\/elregionaldigital.info\/index.php?rest_route=\/wp\/v2\/posts\/4020\/revisions\/4022"}],"wp:featuredmedia":[{"embeddable":true,"href":"https:\/\/elregionaldigital.info\/index.php?rest_route=\/wp\/v2\/media\/4021"}],"wp:attachment":[{"href":"https:\/\/elregionaldigital.info\/index.php?rest_route=%2Fwp%2Fv2%2Fmedia&parent=4020"}],"wp:term":[{"taxonomy":"category","embeddable":true,"href":"https:\/\/elregionaldigital.info\/index.php?rest_route=%2Fwp%2Fv2%2Fcategories&post=4020"},{"taxonomy":"post_tag","embeddable":true,"href":"https:\/\/elregionaldigital.info\/index.php?rest_route=%2Fwp%2Fv2%2Ftags&post=4020"}],"curies":[{"name":"wp","href":"https:\/\/api.w.org\/{rel}","templated":true}]}}