{"id":4017,"date":"2025-01-13T05:26:41","date_gmt":"2025-01-13T05:26:41","guid":{"rendered":"https:\/\/elregionaldigital.info\/?p=4017"},"modified":"2025-01-13T05:26:41","modified_gmt":"2025-01-13T05:26:41","slug":"pumas-arranca-con-triunfo-2-1-sobre-el-necaxa","status":"publish","type":"post","link":"https:\/\/elregionaldigital.info\/?p=4017","title":{"rendered":"Pumas arranca con triunfo 2-1 sobre el Necaxa"},"content":{"rendered":"\n<p><a href=\"https:\/\/laverdad.com.mx\/wp-content\/uploads\/2025\/01\/12pumas.webp\"><\/a><\/p>\n\n\n\n<p><\/p>\n\n\n\n<p>Pumas arranc\u00f3 el Clausura 2025 de la Liga MX ante los Rayos del Necaxa, encuentro en el que sacaron la victoria 2-1; Jorge Ruvalcaba y Rodrigo L\u00f3pez fueron los anotadores por los locales.<\/p>\n\n\n\n<p>Con 19 a\u00f1os y 6 meses, el guardameta Pablo Lara debut\u00f3 en el arco de los universitarios. Tuvieron que pasar 15 a\u00f1os desde el \u00faltimo debut de un portero canterano con los felinos.<\/p>\n\n\n\n<p>El \u00faltimo hab\u00eda sido Alfredo Sald\u00edvar en el Apertura 2010. Pasaron otros como Sergio Bernal de 19 a\u00f1os y 3 meses, Federico Valerio con 19 a\u00f1os y 2 meses y el m\u00e1s joven con 18 a\u00f1os y un mes, Jorge Miranda.<\/p>\n\n\n\n<p>Antes de arrancar el partido, el capit\u00e1n de los felinos Lisandro Magall\u00e1n se acerc\u00f3 a platicar con \u00e9l. Unas palmadas en la espalda y la bendici\u00f3n del equipo lo ayudaron a tener m\u00e1s seguridad en su primer juego en el que tuvo pocas acciones de peligro.<\/p>\n\n\n\n<p>Un pase de Rub\u00e9n Duarte saltando l\u00edneas para Jorge Ruvalcaba puso el primero de los universitarios al minuto 24. Cuatro minutos m\u00e1s tarde con un magistral recorte dentro del \u00e1rea de Rodrigo Toti L\u00f3pez, se puso el 2-0 que parec\u00eda ser\u00eda una feria de goles.<\/p>\n\n\n\n<p>Todav\u00eda sobre el final de la primera parte, un pase de Piero Quispe a Robert Ergas hab\u00eda puesto el 3-0 en el marcador, pero tuvo que ser anulado por fuera de lugar.<\/p>\n\n\n\n<p>En el regreso de Nicolas Larcam\u00f3n a la Liga MX, el estratega ajust\u00f3 para la segunda mitad en donde su equipo consigui\u00f3 llegar m\u00e1s al arco. Al minuto 63 agarraron adelantado a Pablo Lara y lo sorprendieron desde lejos, el bal\u00f3n peg\u00f3 en el travesa\u00f1o y aunque reaccion\u00f3 de buena forma en el segundo remate, el tercer disparo fue definitivo para que Diber Cambindo acercara a los Rayos en el marcador.<\/p>\n\n\n\n<p>Al final, la figura del partido fue Lara y aunque Alex Padilla ser\u00e1 el guardameta titular de los Pumas, tendr\u00e1n una nueva joya con proyecci\u00f3n a futuro en una instituci\u00f3n que tard\u00f3 tres lustros en volver a debutar un canterano.<\/p>\n","protected":false},"excerpt":{"rendered":"<p>Pumas arranc\u00f3 el Clausura 2025 de la Liga MX ante los Rayos del Necaxa, encuentro en el que sacaron la victoria 2-1; Jorge Ruvalcaba y Rodrigo L\u00f3pez fueron los anotadores por los locales. Con 19 a\u00f1os y 6 meses, el guardameta Pablo Lara debut\u00f3 en el arco de los universitarios. Tuvieron que pasar 15 a\u00f1os [&hellip;]<\/p>\n","protected":false},"author":1,"featured_media":4018,"comment_status":"open","ping_status":"open","sticky":false,"template":"","format":"standard","meta":{"footnotes":""},"categories":[6],"tags":[],"class_list":["post-4017","post","type-post","status-publish","format-standard","has-post-thumbnail","hentry","category-deportes"],"blog_post_layout_featured_media_urls":{"thumbnail":["https:\/\/elregionaldigital.info\/wp-content\/uploads\/2025\/01\/12pumas-750x563-1-150x150.webp",150,150,true],"full":["https:\/\/elregionaldigital.info\/wp-content\/uploads\/2025\/01\/12pumas-750x563-1.webp",750,563,false]},"categories_names":{"6":{"name":"Deportes","link":"https:\/\/elregionaldigital.info\/?cat=6"}},"tags_names":[],"comments_number":"0","wpmagazine_modules_lite_featured_media_urls":{"thumbnail":["https:\/\/elregionaldigital.info\/wp-content\/uploads\/2025\/01\/12pumas-750x563-1-150x150.webp",150,150,true],"cvmm-medium":["https:\/\/elregionaldigital.info\/wp-content\/uploads\/2025\/01\/12pumas-750x563-1-300x300.webp",300,300,true],"cvmm-medium-plus":["https:\/\/elregionaldigital.info\/wp-content\/uploads\/2025\/01\/12pumas-750x563-1-305x207.webp",305,207,true],"cvmm-portrait":["https:\/\/elregionaldigital.info\/wp-content\/uploads\/2025\/01\/12pumas-750x563-1-400x563.webp",400,563,true],"cvmm-medium-square":["https:\/\/elregionaldigital.info\/wp-content\/uploads\/2025\/01\/12pumas-750x563-1-600x563.webp",600,563,true],"cvmm-large":["https:\/\/elregionaldigital.info\/wp-content\/uploads\/2025\/01\/12pumas-750x563-1.webp",750,563,false],"cvmm-small":["https:\/\/elregionaldigital.info\/wp-content\/uploads\/2025\/01\/12pumas-750x563-1-130x95.webp",130,95,true],"full":["https:\/\/elregionaldigital.info\/wp-content\/uploads\/2025\/01\/12pumas-750x563-1.webp",750,563,false]},"_links":{"self":[{"href":"https:\/\/elregionaldigital.info\/index.php?rest_route=\/wp\/v2\/posts\/4017","targetHints":{"allow":["GET"]}}],"collection":[{"href":"https:\/\/elregionaldigital.info\/index.php?rest_route=\/wp\/v2\/posts"}],"about":[{"href":"https:\/\/elregionaldigital.info\/index.php?rest_route=\/wp\/v2\/types\/post"}],"author":[{"embeddable":true,"href":"https:\/\/elregionaldigital.info\/index.php?rest_route=\/wp\/v2\/users\/1"}],"replies":[{"embeddable":true,"href":"https:\/\/elregionaldigital.info\/index.php?rest_route=%2Fwp%2Fv2%2Fcomments&post=4017"}],"version-history":[{"count":1,"href":"https:\/\/elregionaldigital.info\/index.php?rest_route=\/wp\/v2\/posts\/4017\/revisions"}],"predecessor-version":[{"id":4019,"href":"https:\/\/elregionaldigital.info\/index.php?rest_route=\/wp\/v2\/posts\/4017\/revisions\/4019"}],"wp:featuredmedia":[{"embeddable":true,"href":"https:\/\/elregionaldigital.info\/index.php?rest_route=\/wp\/v2\/media\/4018"}],"wp:attachment":[{"href":"https:\/\/elregionaldigital.info\/index.php?rest_route=%2Fwp%2Fv2%2Fmedia&parent=4017"}],"wp:term":[{"taxonomy":"category","embeddable":true,"href":"https:\/\/elregionaldigital.info\/index.php?rest_route=%2Fwp%2Fv2%2Fcategories&post=4017"},{"taxonomy":"post_tag","embeddable":true,"href":"https:\/\/elregionaldigital.info\/index.php?rest_route=%2Fwp%2Fv2%2Ftags&post=4017"}],"curies":[{"name":"wp","href":"https:\/\/api.w.org\/{rel}","templated":true}]}}