{"id":4007,"date":"2025-01-11T04:35:54","date_gmt":"2025-01-11T04:35:54","guid":{"rendered":"https:\/\/elregionaldigital.info\/?p=4007"},"modified":"2025-01-13T04:36:21","modified_gmt":"2025-01-13T04:36:21","slug":"reconocen-a-estudiante-de-la-uat-en-certamen-internacional-de-innovacion","status":"publish","type":"post","link":"https:\/\/elregionaldigital.info\/?p=4007","title":{"rendered":"Reconocen a estudiante de la UAT en certamen internacional de innovaci\u00f3n"},"content":{"rendered":"\n<p><br>La Universidad Aut\u00f3noma de Tamaulipas (UAT) obtuvo un importante reconocimiento<br>internacional en la quinta edici\u00f3n de la Feria Mundial de Invenci\u00f3n e Innovaci\u00f3n Juvenil,<br>realizada del 7 al 9 de enero, en Dramaga, Indonesia.<br>El proyecto \u201cDise\u00f1o de estrategias para el fomento a las vocaciones cient\u00edficas tempranas<br>en ni\u00f1os con necesidades educativas especiales de aprendizaje y conducta\u201d, desarrollado<br>por el alumno de la Escuela Preparatoria Mante, Luis Fernando Agui\u00f1aga Rodr\u00edguez, junto<br>con un equipo de destacados docentes asesores, fue reconocido con la medalla de oro en<br>la categor\u00eda de ciencias sociales.<br>Luis Fernando agradeci\u00f3 el respaldo institucional y acad\u00e9mico, destacando el apoyo del<br>rector de la UAT, D\u00e1maso Anaya Alvarado, de autoridades de la Preparatoria y del Consejo<br>Tamaulipeco de Ciencia y Tecnolog\u00eda (COTACYT); adem\u00e1s, reconoci\u00f3 la gu\u00eda y el<br>acompa\u00f1amiento de sus asesores: Ma. Isabel Medina Coronado, Francisco Roberto Valdez<br>Miranda, Mar\u00eda Dolores Alvizo y Guadalupe Garc\u00eda Bustos.<br>El trabajo premiado refleja un esfuerzo conjunto por promover la ciencia como<br>herramienta de inclusi\u00f3n, demostrando que todos los estudiantes, independientemente<br>de sus necesidades, pueden desarrollar su potencial cient\u00edfico. Este enfoque innovador<br>busca inspirar vocaciones tempranas y reforzar la importancia de la educaci\u00f3n con sentido<br>humanista.<br>\u201cCreemos que todos los ni\u00f1os y ni\u00f1as tienen el potencial de ser cient\u00edficos, ingenieros y<br>creadores del ma\u00f1ana, sin importar las barreras que enfrenten. Este logro celebra el<br>talento y la dedicaci\u00f3n de quienes trabajamos en este proyecto, pero tambi\u00e9n nos invita a<br>reflexionar sobre la importancia de construir un mundo m\u00e1s inclusivo y lleno de<br>oportunidades para todos\u201d, expres\u00f3 el estudiante.<br>La Feria Mundial de Invenci\u00f3n e Innovaci\u00f3n Juvenil es un certamen organizado por la<br>Asociaci\u00f3n de J\u00f3venes Cient\u00edficos de Indonesia, en colaboraci\u00f3n con el Departamento de<\/p>\n\n\n\n<p>Ciencia y Tecnolog\u00eda de los Alimentos del Instituto Pertanian Bogor, que re\u00fane a j\u00f3venes<br>investigadores de diferentes niveles educativos para presentar proyectos que aborden<br>retos sociales mediante la innovaci\u00f3n y la creatividad.<br>Es pertinente resaltar que, durante su trayectoria acad\u00e9mica en la Preparatoria Mante de<br>la UAT, Luis Fernando estableci\u00f3 el club Expo Ciencias, convirtiendo la instituci\u00f3n en un<br>semillero de ciencia e innovaci\u00f3n, y ha representado a esta casa de estudios en diferentes<br>eventos cient\u00edficos en los cuales ha obtenido distintos premios y reconocimientos por sus<br>proyectos de creatividad e innovaci\u00f3n tecnol\u00f3gica.<\/p>\n","protected":false},"excerpt":{"rendered":"<p>La Universidad Aut\u00f3noma de Tamaulipas (UAT) obtuvo un importante reconocimientointernacional en la quinta edici\u00f3n de la Feria Mundial de Invenci\u00f3n e Innovaci\u00f3n Juvenil,realizada del 7 al 9 de enero, en Dramaga, Indonesia.El proyecto \u201cDise\u00f1o de estrategias para el fomento a las vocaciones cient\u00edficas tempranasen ni\u00f1os con necesidades educativas especiales de aprendizaje y conducta\u201d, desarrolladopor el [&hellip;]<\/p>\n","protected":false},"author":1,"featured_media":4008,"comment_status":"open","ping_status":"open","sticky":false,"template":"","format":"standard","meta":{"footnotes":""},"categories":[4],"tags":[],"class_list":["post-4007","post","type-post","status-publish","format-standard","has-post-thumbnail","hentry","category-universidades"],"blog_post_layout_featured_media_urls":{"thumbnail":["https:\/\/elregionaldigital.info\/wp-content\/uploads\/2025\/01\/1-2-3-150x150.jpg",150,150,true],"full":["https:\/\/elregionaldigital.info\/wp-content\/uploads\/2025\/01\/1-2-3.jpg",1939,1286,false]},"categories_names":{"4":{"name":"Universidades","link":"https:\/\/elregionaldigital.info\/?cat=4"}},"tags_names":[],"comments_number":"0","wpmagazine_modules_lite_featured_media_urls":{"thumbnail":["https:\/\/elregionaldigital.info\/wp-content\/uploads\/2025\/01\/1-2-3-150x150.jpg",150,150,true],"cvmm-medium":["https:\/\/elregionaldigital.info\/wp-content\/uploads\/2025\/01\/1-2-3-300x300.jpg",300,300,true],"cvmm-medium-plus":["https:\/\/elregionaldigital.info\/wp-content\/uploads\/2025\/01\/1-2-3-305x207.jpg",305,207,true],"cvmm-portrait":["https:\/\/elregionaldigital.info\/wp-content\/uploads\/2025\/01\/1-2-3-400x600.jpg",400,600,true],"cvmm-medium-square":["https:\/\/elregionaldigital.info\/wp-content\/uploads\/2025\/01\/1-2-3-600x600.jpg",600,600,true],"cvmm-large":["https:\/\/elregionaldigital.info\/wp-content\/uploads\/2025\/01\/1-2-3-1024x1024.jpg",1024,1024,true],"cvmm-small":["https:\/\/elregionaldigital.info\/wp-content\/uploads\/2025\/01\/1-2-3-130x95.jpg",130,95,true],"full":["https:\/\/elregionaldigital.info\/wp-content\/uploads\/2025\/01\/1-2-3.jpg",1939,1286,false]},"_links":{"self":[{"href":"https:\/\/elregionaldigital.info\/index.php?rest_route=\/wp\/v2\/posts\/4007","targetHints":{"allow":["GET"]}}],"collection":[{"href":"https:\/\/elregionaldigital.info\/index.php?rest_route=\/wp\/v2\/posts"}],"about":[{"href":"https:\/\/elregionaldigital.info\/index.php?rest_route=\/wp\/v2\/types\/post"}],"author":[{"embeddable":true,"href":"https:\/\/elregionaldigital.info\/index.php?rest_route=\/wp\/v2\/users\/1"}],"replies":[{"embeddable":true,"href":"https:\/\/elregionaldigital.info\/index.php?rest_route=%2Fwp%2Fv2%2Fcomments&post=4007"}],"version-history":[{"count":1,"href":"https:\/\/elregionaldigital.info\/index.php?rest_route=\/wp\/v2\/posts\/4007\/revisions"}],"predecessor-version":[{"id":4009,"href":"https:\/\/elregionaldigital.info\/index.php?rest_route=\/wp\/v2\/posts\/4007\/revisions\/4009"}],"wp:featuredmedia":[{"embeddable":true,"href":"https:\/\/elregionaldigital.info\/index.php?rest_route=\/wp\/v2\/media\/4008"}],"wp:attachment":[{"href":"https:\/\/elregionaldigital.info\/index.php?rest_route=%2Fwp%2Fv2%2Fmedia&parent=4007"}],"wp:term":[{"taxonomy":"category","embeddable":true,"href":"https:\/\/elregionaldigital.info\/index.php?rest_route=%2Fwp%2Fv2%2Fcategories&post=4007"},{"taxonomy":"post_tag","embeddable":true,"href":"https:\/\/elregionaldigital.info\/index.php?rest_route=%2Fwp%2Fv2%2Ftags&post=4007"}],"curies":[{"name":"wp","href":"https:\/\/api.w.org\/{rel}","templated":true}]}}