{"id":4001,"date":"2025-01-05T18:58:11","date_gmt":"2025-01-05T18:58:11","guid":{"rendered":"https:\/\/elregionaldigital.info\/?p=4001"},"modified":"2025-01-10T18:58:49","modified_gmt":"2025-01-10T18:58:49","slug":"otro-avion-sufre-emergencia-aerea","status":"publish","type":"post","link":"https:\/\/elregionaldigital.info\/?p=4001","title":{"rendered":"Otro avi\u00f3n sufre emergencia a\u00e9rea"},"content":{"rendered":"\n<p>Un vuelo de Jeju Air que despeg\u00f3 de Corea del Sur tuvo que regresar al Aeropuerto Internacional de Gimpo, ubicado en la parte occidental de Se\u00fal, debido a un problema en el tren de aterrizaje, similar al que caus\u00f3 el tr\u00e1gico accidente del vuelo de Muan la noche anterior, donde perdieron la vida 179 personas.<br>El vuelo 7C101, que parti\u00f3 hacia Jeju a las 06:37 (21:37 GMT del domingo), detect\u00f3 el inconveniente poco despu\u00e9s de despegar.<br>La aerol\u00ednea notific\u00f3 a los 161 pasajeros sobre el defecto mec\u00e1nico y logr\u00f3 regresar a Gimpo a las 07:25 (22:25 GMT del domingo) sin incidentes adicionales.<br>Jeju Air, que tambi\u00e9n operaba el vuelo del domingo, anunci\u00f3 su intenci\u00f3n de reanudar las operaciones tras reemplazar la aeronave, un Boeing B737-800, modelo considerado seguro y que forma parte de su flota de 41 aviones.<br>El accidente del vuelo 7C2216 en Muan, que ocurri\u00f3 el domingo, result\u00f3 en la mayor tragedia de la aviaci\u00f3n civil en Corea del Sur, con 179 fallecidos y solo dos sobrevivientes.<\/p>\n","protected":false},"excerpt":{"rendered":"<p>Un vuelo de Jeju Air que despeg\u00f3 de Corea del Sur tuvo que regresar al Aeropuerto Internacional de Gimpo, ubicado en la parte occidental de Se\u00fal, debido a un problema en el tren de aterrizaje, similar al que caus\u00f3 el tr\u00e1gico accidente del vuelo de Muan la noche anterior, donde perdieron la vida 179 personas.El [&hellip;]<\/p>\n","protected":false},"author":1,"featured_media":4002,"comment_status":"open","ping_status":"open","sticky":false,"template":"","format":"standard","meta":{"footnotes":""},"categories":[11],"tags":[],"class_list":["post-4001","post","type-post","status-publish","format-standard","has-post-thumbnail","hentry","category-mundo"],"blog_post_layout_featured_media_urls":{"thumbnail":["https:\/\/elregionaldigital.info\/wp-content\/uploads\/2025\/01\/WhatsApp-Image-2024-12-30-at-11.43.35-AM-800x445-1-150x150.jpeg",150,150,true],"full":["https:\/\/elregionaldigital.info\/wp-content\/uploads\/2025\/01\/WhatsApp-Image-2024-12-30-at-11.43.35-AM-800x445-1.jpeg",800,445,false]},"categories_names":{"11":{"name":"Mundo","link":"https:\/\/elregionaldigital.info\/?cat=11"}},"tags_names":[],"comments_number":"0","wpmagazine_modules_lite_featured_media_urls":{"thumbnail":["https:\/\/elregionaldigital.info\/wp-content\/uploads\/2025\/01\/WhatsApp-Image-2024-12-30-at-11.43.35-AM-800x445-1-150x150.jpeg",150,150,true],"cvmm-medium":["https:\/\/elregionaldigital.info\/wp-content\/uploads\/2025\/01\/WhatsApp-Image-2024-12-30-at-11.43.35-AM-800x445-1-300x300.jpeg",300,300,true],"cvmm-medium-plus":["https:\/\/elregionaldigital.info\/wp-content\/uploads\/2025\/01\/WhatsApp-Image-2024-12-30-at-11.43.35-AM-800x445-1-305x207.jpeg",305,207,true],"cvmm-portrait":["https:\/\/elregionaldigital.info\/wp-content\/uploads\/2025\/01\/WhatsApp-Image-2024-12-30-at-11.43.35-AM-800x445-1-400x445.jpeg",400,445,true],"cvmm-medium-square":["https:\/\/elregionaldigital.info\/wp-content\/uploads\/2025\/01\/WhatsApp-Image-2024-12-30-at-11.43.35-AM-800x445-1-600x445.jpeg",600,445,true],"cvmm-large":["https:\/\/elregionaldigital.info\/wp-content\/uploads\/2025\/01\/WhatsApp-Image-2024-12-30-at-11.43.35-AM-800x445-1.jpeg",800,445,false],"cvmm-small":["https:\/\/elregionaldigital.info\/wp-content\/uploads\/2025\/01\/WhatsApp-Image-2024-12-30-at-11.43.35-AM-800x445-1-130x95.jpeg",130,95,true],"full":["https:\/\/elregionaldigital.info\/wp-content\/uploads\/2025\/01\/WhatsApp-Image-2024-12-30-at-11.43.35-AM-800x445-1.jpeg",800,445,false]},"_links":{"self":[{"href":"https:\/\/elregionaldigital.info\/index.php?rest_route=\/wp\/v2\/posts\/4001","targetHints":{"allow":["GET"]}}],"collection":[{"href":"https:\/\/elregionaldigital.info\/index.php?rest_route=\/wp\/v2\/posts"}],"about":[{"href":"https:\/\/elregionaldigital.info\/index.php?rest_route=\/wp\/v2\/types\/post"}],"author":[{"embeddable":true,"href":"https:\/\/elregionaldigital.info\/index.php?rest_route=\/wp\/v2\/users\/1"}],"replies":[{"embeddable":true,"href":"https:\/\/elregionaldigital.info\/index.php?rest_route=%2Fwp%2Fv2%2Fcomments&post=4001"}],"version-history":[{"count":1,"href":"https:\/\/elregionaldigital.info\/index.php?rest_route=\/wp\/v2\/posts\/4001\/revisions"}],"predecessor-version":[{"id":4003,"href":"https:\/\/elregionaldigital.info\/index.php?rest_route=\/wp\/v2\/posts\/4001\/revisions\/4003"}],"wp:featuredmedia":[{"embeddable":true,"href":"https:\/\/elregionaldigital.info\/index.php?rest_route=\/wp\/v2\/media\/4002"}],"wp:attachment":[{"href":"https:\/\/elregionaldigital.info\/index.php?rest_route=%2Fwp%2Fv2%2Fmedia&parent=4001"}],"wp:term":[{"taxonomy":"category","embeddable":true,"href":"https:\/\/elregionaldigital.info\/index.php?rest_route=%2Fwp%2Fv2%2Fcategories&post=4001"},{"taxonomy":"post_tag","embeddable":true,"href":"https:\/\/elregionaldigital.info\/index.php?rest_route=%2Fwp%2Fv2%2Ftags&post=4001"}],"curies":[{"name":"wp","href":"https:\/\/api.w.org\/{rel}","templated":true}]}}