{"id":3998,"date":"2025-01-10T18:57:05","date_gmt":"2025-01-10T18:57:05","guid":{"rendered":"https:\/\/elregionaldigital.info\/?p=3998"},"modified":"2025-01-10T18:59:25","modified_gmt":"2025-01-10T18:59:25","slug":"trump-culpa-a-gobernador-de-california-por-incendios-forestales-en-los-angeles","status":"publish","type":"post","link":"https:\/\/elregionaldigital.info\/?p=3998","title":{"rendered":"Trump culpa a gobernador de California por incendios forestales en Los \u00c1ngeles"},"content":{"rendered":"\n<p>Los incendios forestales en Los \u00c1ngeles han dejado millas de personas afectadas, grandes extensiones arrasadas y p\u00e9rdidas irreparables, marcando uno de los episodios m\u00e1s tr\u00e1gicos en la historia reciente de California.<\/p>\n\n\n\n<p>Mientras las comunidades luchan por recuperarse, la respuesta del presidente electo Donald Trump ha generado pol\u00e9mica al responsabilizar al gobernador Gavin Newsom y sus pol\u00edticas de gesti\u00f3n forestal por la magnitud de los siniestros.<\/p>\n\n\n\n<p>Seg\u00fan Trump, la falta de limpieza en los bosques y medidas de conservaci\u00f3n habr\u00edan complicado el combate a los incendios, aunque expertos refutan esta postura, se\u00f1alando que la intensidad de los incendios sobrecarg\u00f3 el sistema hidr\u00e1ulico.<\/p>\n\n\n\n<p>En contraste, el gobernador Newsom ha optado por enfocarse en la recuperaci\u00f3n, evitando responder directamente a las cr\u00edticas de Trump. Subray\u00f3 que, m\u00e1s all\u00e1 de las diferencias pol\u00edticas, el enfoque debe centrarse en apoyar a las v\u00edctimas y reconstruir las comunidades afectadas.<\/p>\n\n\n\n<p>Newsom destac\u00f3 la magnitud de las p\u00e9rdidas humanas, materiales y emocionales, e inst\u00f3 a la colaboraci\u00f3n para superar esta crisis. \u201cAhora es el momento de unirnos y ayudar a las v\u00edctimas, no de politizar la tragedia\u201d, afirm\u00f3, en un llamado a la acci\u00f3n solidaria y efectiva.<\/p>\n","protected":false},"excerpt":{"rendered":"<p>Los incendios forestales en Los \u00c1ngeles han dejado millas de personas afectadas, grandes extensiones arrasadas y p\u00e9rdidas irreparables, marcando uno de los episodios m\u00e1s tr\u00e1gicos en la historia reciente de California. Mientras las comunidades luchan por recuperarse, la respuesta del presidente electo Donald Trump ha generado pol\u00e9mica al responsabilizar al gobernador Gavin Newsom y sus [&hellip;]<\/p>\n","protected":false},"author":1,"featured_media":3999,"comment_status":"open","ping_status":"open","sticky":false,"template":"","format":"standard","meta":{"footnotes":""},"categories":[11],"tags":[],"class_list":["post-3998","post","type-post","status-publish","format-standard","has-post-thumbnail","hentry","category-mundo"],"blog_post_layout_featured_media_urls":{"thumbnail":["https:\/\/elregionaldigital.info\/wp-content\/uploads\/2025\/01\/B076AA7D-B547-4780-B87C-57E7CB948BE2-800x445-1-150x150.jpeg",150,150,true],"full":["https:\/\/elregionaldigital.info\/wp-content\/uploads\/2025\/01\/B076AA7D-B547-4780-B87C-57E7CB948BE2-800x445-1.jpeg",800,445,false]},"categories_names":{"11":{"name":"Mundo","link":"https:\/\/elregionaldigital.info\/?cat=11"}},"tags_names":[],"comments_number":"0","wpmagazine_modules_lite_featured_media_urls":{"thumbnail":["https:\/\/elregionaldigital.info\/wp-content\/uploads\/2025\/01\/B076AA7D-B547-4780-B87C-57E7CB948BE2-800x445-1-150x150.jpeg",150,150,true],"cvmm-medium":["https:\/\/elregionaldigital.info\/wp-content\/uploads\/2025\/01\/B076AA7D-B547-4780-B87C-57E7CB948BE2-800x445-1-300x300.jpeg",300,300,true],"cvmm-medium-plus":["https:\/\/elregionaldigital.info\/wp-content\/uploads\/2025\/01\/B076AA7D-B547-4780-B87C-57E7CB948BE2-800x445-1-305x207.jpeg",305,207,true],"cvmm-portrait":["https:\/\/elregionaldigital.info\/wp-content\/uploads\/2025\/01\/B076AA7D-B547-4780-B87C-57E7CB948BE2-800x445-1-400x445.jpeg",400,445,true],"cvmm-medium-square":["https:\/\/elregionaldigital.info\/wp-content\/uploads\/2025\/01\/B076AA7D-B547-4780-B87C-57E7CB948BE2-800x445-1-600x445.jpeg",600,445,true],"cvmm-large":["https:\/\/elregionaldigital.info\/wp-content\/uploads\/2025\/01\/B076AA7D-B547-4780-B87C-57E7CB948BE2-800x445-1.jpeg",800,445,false],"cvmm-small":["https:\/\/elregionaldigital.info\/wp-content\/uploads\/2025\/01\/B076AA7D-B547-4780-B87C-57E7CB948BE2-800x445-1-130x95.jpeg",130,95,true],"full":["https:\/\/elregionaldigital.info\/wp-content\/uploads\/2025\/01\/B076AA7D-B547-4780-B87C-57E7CB948BE2-800x445-1.jpeg",800,445,false]},"_links":{"self":[{"href":"https:\/\/elregionaldigital.info\/index.php?rest_route=\/wp\/v2\/posts\/3998","targetHints":{"allow":["GET"]}}],"collection":[{"href":"https:\/\/elregionaldigital.info\/index.php?rest_route=\/wp\/v2\/posts"}],"about":[{"href":"https:\/\/elregionaldigital.info\/index.php?rest_route=\/wp\/v2\/types\/post"}],"author":[{"embeddable":true,"href":"https:\/\/elregionaldigital.info\/index.php?rest_route=\/wp\/v2\/users\/1"}],"replies":[{"embeddable":true,"href":"https:\/\/elregionaldigital.info\/index.php?rest_route=%2Fwp%2Fv2%2Fcomments&post=3998"}],"version-history":[{"count":1,"href":"https:\/\/elregionaldigital.info\/index.php?rest_route=\/wp\/v2\/posts\/3998\/revisions"}],"predecessor-version":[{"id":4000,"href":"https:\/\/elregionaldigital.info\/index.php?rest_route=\/wp\/v2\/posts\/3998\/revisions\/4000"}],"wp:featuredmedia":[{"embeddable":true,"href":"https:\/\/elregionaldigital.info\/index.php?rest_route=\/wp\/v2\/media\/3999"}],"wp:attachment":[{"href":"https:\/\/elregionaldigital.info\/index.php?rest_route=%2Fwp%2Fv2%2Fmedia&parent=3998"}],"wp:term":[{"taxonomy":"category","embeddable":true,"href":"https:\/\/elregionaldigital.info\/index.php?rest_route=%2Fwp%2Fv2%2Fcategories&post=3998"},{"taxonomy":"post_tag","embeddable":true,"href":"https:\/\/elregionaldigital.info\/index.php?rest_route=%2Fwp%2Fv2%2Ftags&post=3998"}],"curies":[{"name":"wp","href":"https:\/\/api.w.org\/{rel}","templated":true}]}}