{"id":3986,"date":"2025-01-02T18:51:29","date_gmt":"2025-01-02T18:51:29","guid":{"rendered":"https:\/\/elregionaldigital.info\/?p=3986"},"modified":"2025-01-10T18:51:53","modified_gmt":"2025-01-10T18:51:53","slug":"entregan-cobijas-a-personas-vulnerables-en-reynosa","status":"publish","type":"post","link":"https:\/\/elregionaldigital.info\/?p=3986","title":{"rendered":"Entregan cobijas a personas vulnerables en Reynosa"},"content":{"rendered":"\n<p>Ante la reciente ola de fr\u00edo, diversas personas en situaci\u00f3n vulnerable recibieron apoyo del Grupo de Proximidad de la Guardia Estatal, quienes entregaron cobijas en diferentes puntos de la ciudad.<\/p>\n\n\n\n<p>Esta acci\u00f3n form\u00f3 parte del Operativo Carrusel, implementado para proteger a los ciudadanos de las bajas temperaturas.<\/p>\n\n\n\n<p>El personal visit\u00f3 albergues y zonas de alto riesgo, proporcionando cobijas a quienes m\u00e1s lo necesitaban, con el objetivo de salvaguardar su bienestar durante el descenso de temperatura.<\/p>\n\n\n\n<p>La entrega de estos apoyos refleja el compromiso con las personas que atraviesan situaciones dif\u00edciles, buscando mitigar el impacto del clima fr\u00edo en la comunidad.<\/p>\n","protected":false},"excerpt":{"rendered":"<p>Ante la reciente ola de fr\u00edo, diversas personas en situaci\u00f3n vulnerable recibieron apoyo del Grupo de Proximidad de la Guardia Estatal, quienes entregaron cobijas en diferentes puntos de la ciudad. Esta acci\u00f3n form\u00f3 parte del Operativo Carrusel, implementado para proteger a los ciudadanos de las bajas temperaturas. El personal visit\u00f3 albergues y zonas de alto [&hellip;]<\/p>\n","protected":false},"author":1,"featured_media":3987,"comment_status":"open","ping_status":"open","sticky":false,"template":"","format":"standard","meta":{"footnotes":""},"categories":[2],"tags":[],"class_list":["post-3986","post","type-post","status-publish","format-standard","has-post-thumbnail","hentry","category-tamaulipas"],"blog_post_layout_featured_media_urls":{"thumbnail":["https:\/\/elregionaldigital.info\/wp-content\/uploads\/2025\/01\/WhatsApp-Image-2025-01-09-at-10.32.08-PM-800x445-1-150x150.jpeg",150,150,true],"full":["https:\/\/elregionaldigital.info\/wp-content\/uploads\/2025\/01\/WhatsApp-Image-2025-01-09-at-10.32.08-PM-800x445-1.jpeg",800,445,false]},"categories_names":{"2":{"name":"Tamaulipas","link":"https:\/\/elregionaldigital.info\/?cat=2"}},"tags_names":[],"comments_number":"0","wpmagazine_modules_lite_featured_media_urls":{"thumbnail":["https:\/\/elregionaldigital.info\/wp-content\/uploads\/2025\/01\/WhatsApp-Image-2025-01-09-at-10.32.08-PM-800x445-1-150x150.jpeg",150,150,true],"cvmm-medium":["https:\/\/elregionaldigital.info\/wp-content\/uploads\/2025\/01\/WhatsApp-Image-2025-01-09-at-10.32.08-PM-800x445-1-300x300.jpeg",300,300,true],"cvmm-medium-plus":["https:\/\/elregionaldigital.info\/wp-content\/uploads\/2025\/01\/WhatsApp-Image-2025-01-09-at-10.32.08-PM-800x445-1-305x207.jpeg",305,207,true],"cvmm-portrait":["https:\/\/elregionaldigital.info\/wp-content\/uploads\/2025\/01\/WhatsApp-Image-2025-01-09-at-10.32.08-PM-800x445-1-400x445.jpeg",400,445,true],"cvmm-medium-square":["https:\/\/elregionaldigital.info\/wp-content\/uploads\/2025\/01\/WhatsApp-Image-2025-01-09-at-10.32.08-PM-800x445-1-600x445.jpeg",600,445,true],"cvmm-large":["https:\/\/elregionaldigital.info\/wp-content\/uploads\/2025\/01\/WhatsApp-Image-2025-01-09-at-10.32.08-PM-800x445-1.jpeg",800,445,false],"cvmm-small":["https:\/\/elregionaldigital.info\/wp-content\/uploads\/2025\/01\/WhatsApp-Image-2025-01-09-at-10.32.08-PM-800x445-1-130x95.jpeg",130,95,true],"full":["https:\/\/elregionaldigital.info\/wp-content\/uploads\/2025\/01\/WhatsApp-Image-2025-01-09-at-10.32.08-PM-800x445-1.jpeg",800,445,false]},"_links":{"self":[{"href":"https:\/\/elregionaldigital.info\/index.php?rest_route=\/wp\/v2\/posts\/3986","targetHints":{"allow":["GET"]}}],"collection":[{"href":"https:\/\/elregionaldigital.info\/index.php?rest_route=\/wp\/v2\/posts"}],"about":[{"href":"https:\/\/elregionaldigital.info\/index.php?rest_route=\/wp\/v2\/types\/post"}],"author":[{"embeddable":true,"href":"https:\/\/elregionaldigital.info\/index.php?rest_route=\/wp\/v2\/users\/1"}],"replies":[{"embeddable":true,"href":"https:\/\/elregionaldigital.info\/index.php?rest_route=%2Fwp%2Fv2%2Fcomments&post=3986"}],"version-history":[{"count":1,"href":"https:\/\/elregionaldigital.info\/index.php?rest_route=\/wp\/v2\/posts\/3986\/revisions"}],"predecessor-version":[{"id":3988,"href":"https:\/\/elregionaldigital.info\/index.php?rest_route=\/wp\/v2\/posts\/3986\/revisions\/3988"}],"wp:featuredmedia":[{"embeddable":true,"href":"https:\/\/elregionaldigital.info\/index.php?rest_route=\/wp\/v2\/media\/3987"}],"wp:attachment":[{"href":"https:\/\/elregionaldigital.info\/index.php?rest_route=%2Fwp%2Fv2%2Fmedia&parent=3986"}],"wp:term":[{"taxonomy":"category","embeddable":true,"href":"https:\/\/elregionaldigital.info\/index.php?rest_route=%2Fwp%2Fv2%2Fcategories&post=3986"},{"taxonomy":"post_tag","embeddable":true,"href":"https:\/\/elregionaldigital.info\/index.php?rest_route=%2Fwp%2Fv2%2Ftags&post=3986"}],"curies":[{"name":"wp","href":"https:\/\/api.w.org\/{rel}","templated":true}]}}