{"id":3983,"date":"2025-01-06T18:49:45","date_gmt":"2025-01-06T18:49:45","guid":{"rendered":"https:\/\/elregionaldigital.info\/?p=3983"},"modified":"2025-01-10T18:50:24","modified_gmt":"2025-01-10T18:50:24","slug":"sheinbaum-con-aprobacion-del-90-en-los-mexicanos","status":"publish","type":"post","link":"https:\/\/elregionaldigital.info\/?p=3983","title":{"rendered":"Sheinbaum con aprobaci\u00f3n del 90% en los Mexicanos"},"content":{"rendered":"\n<p>La presidenta de M\u00e9xico, Claudia Sheinbaum, inicia el 2025 con un respaldo ciudadano mayor al que tuvo su antecesor, Andr\u00e9s Manuel L\u00f3pez Obrador, superando el 90% de aceptaci\u00f3n entre los mexicanos.<\/p>\n\n\n\n<p>Su confianza se sit\u00faa en un 6.4%, con aproximadamente el 85% de los ciudadanos manifestando su apoyo y m\u00e1s del 60% opinando que el pa\u00eds ha mejorado durante sus primeros 100 d\u00edas de gobierno.<\/p>\n\n\n\n<p>Tras hacer historia en 2024 como la primera mujer presidenta, Sheinbaum enfrenta este nuevo a\u00f1o con la oportunidad de consolidar su administraci\u00f3n. Con un Congreso dominado por Morena y sus aliados, se espera que se implementen reformas significativas, incluida una reforma pol\u00edtica-electoral.<\/p>\n\n\n\n<p>Este periodo podr\u00eda estar marcado por una agenda propia, alej\u00e1ndose de las pol\u00edticas de la administraci\u00f3n anterior.<br>Sin embargo, en redes sociales esta aceptaci\u00f3n no es tanta, pues existen fuertes cr\u00edticas a su gobierno por el rezago social que enfrenta el pa\u00eds.<\/p>\n","protected":false},"excerpt":{"rendered":"<p>La presidenta de M\u00e9xico, Claudia Sheinbaum, inicia el 2025 con un respaldo ciudadano mayor al que tuvo su antecesor, Andr\u00e9s Manuel L\u00f3pez Obrador, superando el 90% de aceptaci\u00f3n entre los mexicanos. Su confianza se sit\u00faa en un 6.4%, con aproximadamente el 85% de los ciudadanos manifestando su apoyo y m\u00e1s del 60% opinando que el [&hellip;]<\/p>\n","protected":false},"author":1,"featured_media":3984,"comment_status":"open","ping_status":"open","sticky":false,"template":"","format":"standard","meta":{"footnotes":""},"categories":[5],"tags":[],"class_list":["post-3983","post","type-post","status-publish","format-standard","has-post-thumbnail","hentry","category-nacional"],"blog_post_layout_featured_media_urls":{"thumbnail":["https:\/\/elregionaldigital.info\/wp-content\/uploads\/2025\/01\/WhatsApp-Image-2025-01-06-at-9.47.12-AM-800x445-1-150x150.jpeg",150,150,true],"full":["https:\/\/elregionaldigital.info\/wp-content\/uploads\/2025\/01\/WhatsApp-Image-2025-01-06-at-9.47.12-AM-800x445-1.jpeg",800,445,false]},"categories_names":{"5":{"name":"Nacional","link":"https:\/\/elregionaldigital.info\/?cat=5"}},"tags_names":[],"comments_number":"0","wpmagazine_modules_lite_featured_media_urls":{"thumbnail":["https:\/\/elregionaldigital.info\/wp-content\/uploads\/2025\/01\/WhatsApp-Image-2025-01-06-at-9.47.12-AM-800x445-1-150x150.jpeg",150,150,true],"cvmm-medium":["https:\/\/elregionaldigital.info\/wp-content\/uploads\/2025\/01\/WhatsApp-Image-2025-01-06-at-9.47.12-AM-800x445-1-300x300.jpeg",300,300,true],"cvmm-medium-plus":["https:\/\/elregionaldigital.info\/wp-content\/uploads\/2025\/01\/WhatsApp-Image-2025-01-06-at-9.47.12-AM-800x445-1-305x207.jpeg",305,207,true],"cvmm-portrait":["https:\/\/elregionaldigital.info\/wp-content\/uploads\/2025\/01\/WhatsApp-Image-2025-01-06-at-9.47.12-AM-800x445-1-400x445.jpeg",400,445,true],"cvmm-medium-square":["https:\/\/elregionaldigital.info\/wp-content\/uploads\/2025\/01\/WhatsApp-Image-2025-01-06-at-9.47.12-AM-800x445-1-600x445.jpeg",600,445,true],"cvmm-large":["https:\/\/elregionaldigital.info\/wp-content\/uploads\/2025\/01\/WhatsApp-Image-2025-01-06-at-9.47.12-AM-800x445-1.jpeg",800,445,false],"cvmm-small":["https:\/\/elregionaldigital.info\/wp-content\/uploads\/2025\/01\/WhatsApp-Image-2025-01-06-at-9.47.12-AM-800x445-1-130x95.jpeg",130,95,true],"full":["https:\/\/elregionaldigital.info\/wp-content\/uploads\/2025\/01\/WhatsApp-Image-2025-01-06-at-9.47.12-AM-800x445-1.jpeg",800,445,false]},"_links":{"self":[{"href":"https:\/\/elregionaldigital.info\/index.php?rest_route=\/wp\/v2\/posts\/3983","targetHints":{"allow":["GET"]}}],"collection":[{"href":"https:\/\/elregionaldigital.info\/index.php?rest_route=\/wp\/v2\/posts"}],"about":[{"href":"https:\/\/elregionaldigital.info\/index.php?rest_route=\/wp\/v2\/types\/post"}],"author":[{"embeddable":true,"href":"https:\/\/elregionaldigital.info\/index.php?rest_route=\/wp\/v2\/users\/1"}],"replies":[{"embeddable":true,"href":"https:\/\/elregionaldigital.info\/index.php?rest_route=%2Fwp%2Fv2%2Fcomments&post=3983"}],"version-history":[{"count":1,"href":"https:\/\/elregionaldigital.info\/index.php?rest_route=\/wp\/v2\/posts\/3983\/revisions"}],"predecessor-version":[{"id":3985,"href":"https:\/\/elregionaldigital.info\/index.php?rest_route=\/wp\/v2\/posts\/3983\/revisions\/3985"}],"wp:featuredmedia":[{"embeddable":true,"href":"https:\/\/elregionaldigital.info\/index.php?rest_route=\/wp\/v2\/media\/3984"}],"wp:attachment":[{"href":"https:\/\/elregionaldigital.info\/index.php?rest_route=%2Fwp%2Fv2%2Fmedia&parent=3983"}],"wp:term":[{"taxonomy":"category","embeddable":true,"href":"https:\/\/elregionaldigital.info\/index.php?rest_route=%2Fwp%2Fv2%2Fcategories&post=3983"},{"taxonomy":"post_tag","embeddable":true,"href":"https:\/\/elregionaldigital.info\/index.php?rest_route=%2Fwp%2Fv2%2Ftags&post=3983"}],"curies":[{"name":"wp","href":"https:\/\/api.w.org\/{rel}","templated":true}]}}