{"id":3980,"date":"2025-01-02T18:48:43","date_gmt":"2025-01-02T18:48:43","guid":{"rendered":"https:\/\/elregionaldigital.info\/?p=3980"},"modified":"2025-01-10T18:49:06","modified_gmt":"2025-01-10T18:49:06","slug":"ex-gobernador-se-integra-a-equipo-de-sheinbaum","status":"publish","type":"post","link":"https:\/\/elregionaldigital.info\/?p=3980","title":{"rendered":"Ex gobernador se integra a equipo de Sheinbaum"},"content":{"rendered":"\n<p>La presidenta Claudia Sheinbaum Pardo inform\u00f3 que el exgobernador de Veracruz, Cuitl\u00e1huac Garc\u00eda Jim\u00e9nez, se unir\u00e1 a su gabinete ampliado como director general del Centro Nacional de Control de Gas Natural (Cenegas) a partir del lunes 6 de enero.<\/p>\n\n\n\n<p>Durante su conferencia matutina, la mandataria resalt\u00f3 las cualidades de Garc\u00eda Jim\u00e9nez, quien es tambi\u00e9n exdiputado federal y miembro de Morena, destacando su formaci\u00f3n acad\u00e9mica y su compromiso con la Cuarta Transformaci\u00f3n.<\/p>\n\n\n\n<p>Sheinbaum Pardo subray\u00f3 que Cuitl\u00e1huac es un ingeniero mec\u00e1nico electricista graduado de la Universidad Veracruzana, con una s\u00f3lida trayectoria en el \u00e1mbito energ\u00e9tico.<\/p>\n\n\n\n<p>La presidenta lo describi\u00f3 como un hombre honesto y con amplios conocimientos t\u00e9cnicos, lo que lo convierte en la persona id\u00f3nea para coordinar las actividades relacionadas con la producci\u00f3n, consumo y distribuci\u00f3n de gas natural en Cenegas.<\/p>\n","protected":false},"excerpt":{"rendered":"<p>La presidenta Claudia Sheinbaum Pardo inform\u00f3 que el exgobernador de Veracruz, Cuitl\u00e1huac Garc\u00eda Jim\u00e9nez, se unir\u00e1 a su gabinete ampliado como director general del Centro Nacional de Control de Gas Natural (Cenegas) a partir del lunes 6 de enero. Durante su conferencia matutina, la mandataria resalt\u00f3 las cualidades de Garc\u00eda Jim\u00e9nez, quien es tambi\u00e9n exdiputado [&hellip;]<\/p>\n","protected":false},"author":1,"featured_media":3981,"comment_status":"open","ping_status":"open","sticky":false,"template":"","format":"standard","meta":{"footnotes":""},"categories":[5],"tags":[],"class_list":["post-3980","post","type-post","status-publish","format-standard","has-post-thumbnail","hentry","category-nacional"],"blog_post_layout_featured_media_urls":{"thumbnail":["https:\/\/elregionaldigital.info\/wp-content\/uploads\/2025\/01\/0412CF39-258A-4F48-ADD5-DA194DB9F52D-800x445-1-150x150.jpeg",150,150,true],"full":["https:\/\/elregionaldigital.info\/wp-content\/uploads\/2025\/01\/0412CF39-258A-4F48-ADD5-DA194DB9F52D-800x445-1.jpeg",800,445,false]},"categories_names":{"5":{"name":"Nacional","link":"https:\/\/elregionaldigital.info\/?cat=5"}},"tags_names":[],"comments_number":"0","wpmagazine_modules_lite_featured_media_urls":{"thumbnail":["https:\/\/elregionaldigital.info\/wp-content\/uploads\/2025\/01\/0412CF39-258A-4F48-ADD5-DA194DB9F52D-800x445-1-150x150.jpeg",150,150,true],"cvmm-medium":["https:\/\/elregionaldigital.info\/wp-content\/uploads\/2025\/01\/0412CF39-258A-4F48-ADD5-DA194DB9F52D-800x445-1-300x300.jpeg",300,300,true],"cvmm-medium-plus":["https:\/\/elregionaldigital.info\/wp-content\/uploads\/2025\/01\/0412CF39-258A-4F48-ADD5-DA194DB9F52D-800x445-1-305x207.jpeg",305,207,true],"cvmm-portrait":["https:\/\/elregionaldigital.info\/wp-content\/uploads\/2025\/01\/0412CF39-258A-4F48-ADD5-DA194DB9F52D-800x445-1-400x445.jpeg",400,445,true],"cvmm-medium-square":["https:\/\/elregionaldigital.info\/wp-content\/uploads\/2025\/01\/0412CF39-258A-4F48-ADD5-DA194DB9F52D-800x445-1-600x445.jpeg",600,445,true],"cvmm-large":["https:\/\/elregionaldigital.info\/wp-content\/uploads\/2025\/01\/0412CF39-258A-4F48-ADD5-DA194DB9F52D-800x445-1.jpeg",800,445,false],"cvmm-small":["https:\/\/elregionaldigital.info\/wp-content\/uploads\/2025\/01\/0412CF39-258A-4F48-ADD5-DA194DB9F52D-800x445-1-130x95.jpeg",130,95,true],"full":["https:\/\/elregionaldigital.info\/wp-content\/uploads\/2025\/01\/0412CF39-258A-4F48-ADD5-DA194DB9F52D-800x445-1.jpeg",800,445,false]},"_links":{"self":[{"href":"https:\/\/elregionaldigital.info\/index.php?rest_route=\/wp\/v2\/posts\/3980","targetHints":{"allow":["GET"]}}],"collection":[{"href":"https:\/\/elregionaldigital.info\/index.php?rest_route=\/wp\/v2\/posts"}],"about":[{"href":"https:\/\/elregionaldigital.info\/index.php?rest_route=\/wp\/v2\/types\/post"}],"author":[{"embeddable":true,"href":"https:\/\/elregionaldigital.info\/index.php?rest_route=\/wp\/v2\/users\/1"}],"replies":[{"embeddable":true,"href":"https:\/\/elregionaldigital.info\/index.php?rest_route=%2Fwp%2Fv2%2Fcomments&post=3980"}],"version-history":[{"count":1,"href":"https:\/\/elregionaldigital.info\/index.php?rest_route=\/wp\/v2\/posts\/3980\/revisions"}],"predecessor-version":[{"id":3982,"href":"https:\/\/elregionaldigital.info\/index.php?rest_route=\/wp\/v2\/posts\/3980\/revisions\/3982"}],"wp:featuredmedia":[{"embeddable":true,"href":"https:\/\/elregionaldigital.info\/index.php?rest_route=\/wp\/v2\/media\/3981"}],"wp:attachment":[{"href":"https:\/\/elregionaldigital.info\/index.php?rest_route=%2Fwp%2Fv2%2Fmedia&parent=3980"}],"wp:term":[{"taxonomy":"category","embeddable":true,"href":"https:\/\/elregionaldigital.info\/index.php?rest_route=%2Fwp%2Fv2%2Fcategories&post=3980"},{"taxonomy":"post_tag","embeddable":true,"href":"https:\/\/elregionaldigital.info\/index.php?rest_route=%2Fwp%2Fv2%2Ftags&post=3980"}],"curies":[{"name":"wp","href":"https:\/\/api.w.org\/{rel}","templated":true}]}}