{"id":3977,"date":"2025-01-09T16:25:13","date_gmt":"2025-01-09T16:25:13","guid":{"rendered":"https:\/\/elregionaldigital.info\/?p=3977"},"modified":"2025-01-10T16:25:45","modified_gmt":"2025-01-10T16:25:45","slug":"la-uat-y-set-trazan-estrategias-para-fortalecer-la-educacion-media-superior","status":"publish","type":"post","link":"https:\/\/elregionaldigital.info\/?p=3977","title":{"rendered":"La UAT y SET trazan estrategias para fortalecer la educaci\u00f3n media superior"},"content":{"rendered":"\n<p><br>El rector de la Universidad Aut\u00f3noma de Tamaulipas (UAT), D\u00e1maso Anaya Alvarado, y la<br>secretaria de Educaci\u00f3n en Tamaulipas, Luc\u00eda Aim\u00e9 Castillo Pastor, sostuvieron una<br>reuni\u00f3n con la finalidad de estrechar la colaboraci\u00f3n y vincular esfuerzos que permitan<br>alcanzar las metas para el mejoramiento de la educaci\u00f3n media superior en el estado.<br>Durante el encuentro, se dio seguimiento a los avances para establecer estrategias<br>conjuntas, que, articuladas a las pol\u00edticas del Gobierno de M\u00e9xico, permitan fortalecer<br>este sector y atender las demandas en temas cruciales como la cobertura, la calidad y la<br>equidad educativa.<br>Se puso de relieve el plan de trabajo para vincular los programas y estrategias definidas a<br>nivel nacional, con las diferentes instituciones p\u00fablicas de educaci\u00f3n media superior tanto<br>del gobierno estatal como de la Universidad.<br>De igual manera, se resalt\u00f3 la importancia de ampliar las oportunidades de estudios de<br>bachillerato mediante la educaci\u00f3n en l\u00ednea, innovaciones pedag\u00f3gicas, la ense\u00f1anza del<br>idioma ingl\u00e9s, el uso de las tecnolog\u00edas de la informaci\u00f3n y comunicaci\u00f3n, el<br>acompa\u00f1amiento de tutor\u00edas y otros programas que son fundamentales para la formaci\u00f3n<br>integral y humanista de los estudiantes.<br>El rector D\u00e1maso Anaya reiter\u00f3 la disposici\u00f3n de contribuir al logro de las metas y el<br>compromiso de la Universidad para colaborar de manera activa en estos esfuerzos, con la<br>finalidad de garantizar que los estudiantes puedan enfrentar exitosamente esta etapa<br>decisiva de su formaci\u00f3n.<br>Por su parte, Luc\u00eda Aim\u00e9 Castillo destac\u00f3 su reconocimiento a la UAT por contribuir en la<br>mejora continua de la educaci\u00f3n y en ofrecer mejores oportunidades a la juventud.<br>Puntualiz\u00f3 que este esfuerzo conjunto se alinea con la pol\u00edtica estatal impulsada por el<br>gobernador Am\u00e9rico Villarreal Anaya, quien ha demostrado un firme compromiso con la<br>apertura de nuevos servicios educativos y el fortalecimiento de la educaci\u00f3n p\u00fablica.<\/p>\n\n\n\n<p>En la reuni\u00f3n, el rector de la UAT estuvo acompa\u00f1ado por integrantes de su gabinete de<br>las \u00e1reas acad\u00e9micas, de planeaci\u00f3n y educaci\u00f3n media superior, entre otras.<\/p>\n","protected":false},"excerpt":{"rendered":"<p>El rector de la Universidad Aut\u00f3noma de Tamaulipas (UAT), D\u00e1maso Anaya Alvarado, y lasecretaria de Educaci\u00f3n en Tamaulipas, Luc\u00eda Aim\u00e9 Castillo Pastor, sostuvieron unareuni\u00f3n con la finalidad de estrechar la colaboraci\u00f3n y vincular esfuerzos que permitanalcanzar las metas para el mejoramiento de la educaci\u00f3n media superior en el estado.Durante el encuentro, se dio seguimiento a [&hellip;]<\/p>\n","protected":false},"author":1,"featured_media":3978,"comment_status":"open","ping_status":"open","sticky":false,"template":"","format":"standard","meta":{"footnotes":""},"categories":[4],"tags":[],"class_list":["post-3977","post","type-post","status-publish","format-standard","has-post-thumbnail","hentry","category-universidades"],"blog_post_layout_featured_media_urls":{"thumbnail":["https:\/\/elregionaldigital.info\/wp-content\/uploads\/2025\/01\/2-1-150x150.jpeg",150,150,true],"full":["https:\/\/elregionaldigital.info\/wp-content\/uploads\/2025\/01\/2-1-scaled.jpeg",2560,1707,false]},"categories_names":{"4":{"name":"Universidades","link":"https:\/\/elregionaldigital.info\/?cat=4"}},"tags_names":[],"comments_number":"0","wpmagazine_modules_lite_featured_media_urls":{"thumbnail":["https:\/\/elregionaldigital.info\/wp-content\/uploads\/2025\/01\/2-1-150x150.jpeg",150,150,true],"cvmm-medium":["https:\/\/elregionaldigital.info\/wp-content\/uploads\/2025\/01\/2-1-300x300.jpeg",300,300,true],"cvmm-medium-plus":["https:\/\/elregionaldigital.info\/wp-content\/uploads\/2025\/01\/2-1-305x207.jpeg",305,207,true],"cvmm-portrait":["https:\/\/elregionaldigital.info\/wp-content\/uploads\/2025\/01\/2-1-400x600.jpeg",400,600,true],"cvmm-medium-square":["https:\/\/elregionaldigital.info\/wp-content\/uploads\/2025\/01\/2-1-600x600.jpeg",600,600,true],"cvmm-large":["https:\/\/elregionaldigital.info\/wp-content\/uploads\/2025\/01\/2-1-1024x1024.jpeg",1024,1024,true],"cvmm-small":["https:\/\/elregionaldigital.info\/wp-content\/uploads\/2025\/01\/2-1-130x95.jpeg",130,95,true],"full":["https:\/\/elregionaldigital.info\/wp-content\/uploads\/2025\/01\/2-1-scaled.jpeg",2560,1707,false]},"_links":{"self":[{"href":"https:\/\/elregionaldigital.info\/index.php?rest_route=\/wp\/v2\/posts\/3977","targetHints":{"allow":["GET"]}}],"collection":[{"href":"https:\/\/elregionaldigital.info\/index.php?rest_route=\/wp\/v2\/posts"}],"about":[{"href":"https:\/\/elregionaldigital.info\/index.php?rest_route=\/wp\/v2\/types\/post"}],"author":[{"embeddable":true,"href":"https:\/\/elregionaldigital.info\/index.php?rest_route=\/wp\/v2\/users\/1"}],"replies":[{"embeddable":true,"href":"https:\/\/elregionaldigital.info\/index.php?rest_route=%2Fwp%2Fv2%2Fcomments&post=3977"}],"version-history":[{"count":1,"href":"https:\/\/elregionaldigital.info\/index.php?rest_route=\/wp\/v2\/posts\/3977\/revisions"}],"predecessor-version":[{"id":3979,"href":"https:\/\/elregionaldigital.info\/index.php?rest_route=\/wp\/v2\/posts\/3977\/revisions\/3979"}],"wp:featuredmedia":[{"embeddable":true,"href":"https:\/\/elregionaldigital.info\/index.php?rest_route=\/wp\/v2\/media\/3978"}],"wp:attachment":[{"href":"https:\/\/elregionaldigital.info\/index.php?rest_route=%2Fwp%2Fv2%2Fmedia&parent=3977"}],"wp:term":[{"taxonomy":"category","embeddable":true,"href":"https:\/\/elregionaldigital.info\/index.php?rest_route=%2Fwp%2Fv2%2Fcategories&post=3977"},{"taxonomy":"post_tag","embeddable":true,"href":"https:\/\/elregionaldigital.info\/index.php?rest_route=%2Fwp%2Fv2%2Ftags&post=3977"}],"curies":[{"name":"wp","href":"https:\/\/api.w.org\/{rel}","templated":true}]}}