{"id":3971,"date":"2025-01-07T04:33:28","date_gmt":"2025-01-07T04:33:28","guid":{"rendered":"https:\/\/elregionaldigital.info\/?p=3971"},"modified":"2025-01-08T04:33:56","modified_gmt":"2025-01-08T04:33:56","slug":"designa-el-rector-a-la-dra-maria-concepcion-placencia-como-secretaria-general-de-la-uat","status":"publish","type":"post","link":"https:\/\/elregionaldigital.info\/?p=3971","title":{"rendered":"Designa el rector a la Dra. Mar\u00eda Concepci\u00f3n Placencia como secretaria general de la UAT"},"content":{"rendered":"\n<p><\/p>\n\n\n\n<p>Conforme a sus atribuciones conferidas en el Estatuto Org\u00e1nico de la Universidad<br>Aut\u00f3noma de Tamaulipas (UAT), el rector D\u00e1maso Anaya Alvarado design\u00f3 a la Dra. Mar\u00eda<br>Concepci\u00f3n Placencia Valadez como secretaria general de la m\u00e1xima casa de estudios del<br>estado.<br>El rector hizo entrega del nombramiento a la nueva titular de la Secretar\u00eda General de la<br>UAT, a quien expres\u00f3 su confianza de fortalecer el trabajo institucional y seguir<br>impulsando el mejoramiento de la educaci\u00f3n, en beneficio de los universitarios y de la<br>entidad en general.&nbsp;<br>En seguimiento a este proceso, la nominaci\u00f3n de la Dra. Mar\u00eda Placencia Valadez, quien<br>releva en el cargo al Dr. Eduardo Arvizu S\u00e1nchez, se pondr\u00e1 a consideraci\u00f3n de la<br>Asamblea Universitaria en una pr\u00f3xima sesi\u00f3n de este \u00f3rgano colegiado para ratificar esta<br>designaci\u00f3n conforme al Estatuto Org\u00e1nico de la UAT.<br>Cabe destacar que la Dra. Placencia ha realizado su formaci\u00f3n profesional en la UAT como<br>Ingeniero Agr\u00f3nomo Especialista en Suelos, licenciada en Administraci\u00f3n, maestra en<br>Desarrollo de Recursos Humanos y doctora en Administraci\u00f3n P\u00fablica.&nbsp;<br>Se ha desempe\u00f1ado como docente en la Facultad de Comercio y Administraci\u00f3n Victoria y<br>en la Facultad de Derecho y Ciencias Sociales Victoria de la UAT, y ha participado como<br>ponente en diversos foros acad\u00e9micos.<br>Es coautora en cap\u00edtulos de los libros: G\u00e9nero, universidad y sociedad; Acciones<br>preventivas en pol\u00edticas p\u00fablicas de salud con enfoque en adicciones; y An\u00e1lisis de la<br>pol\u00edtica p\u00fablica para el tratamiento de usuarios j\u00f3venes de sustancias adictivas en M\u00e9xico,<br>2013-2018, adem\u00e1s de publicaciones en revistas y libros de car\u00e1cter nacional e<br>internacional.<\/p>\n\n\n\n<p>En su trayectoria acad\u00e9mica en la UAT colabor\u00f3 con el grupo disciplinar de Derecho Penal,<br>Seguridad P\u00fablica y Criminolog\u00eda, y actualmente es l\u00edder del grupo disciplinar de<br>Gobernanza y Mejora Regulatoria.<br>Cuenta con los reconocimientos de la UAT al M\u00e9rito Universitario, en 2013; Profesor<br>Em\u00e9rito, en 2021; y una trayectoria de 38 a\u00f1os de servicio en esta Universidad en las \u00e1reas<br>de Extensi\u00f3n Universitaria, Relaciones P\u00fablicas, Coordinaci\u00f3n Estudiantil, Vinculaci\u00f3n y<br>\u00d3rganos Colegiados en la Secretar\u00eda General.<\/p>\n","protected":false},"excerpt":{"rendered":"<p>Conforme a sus atribuciones conferidas en el Estatuto Org\u00e1nico de la UniversidadAut\u00f3noma de Tamaulipas (UAT), el rector D\u00e1maso Anaya Alvarado design\u00f3 a la Dra. Mar\u00edaConcepci\u00f3n Placencia Valadez como secretaria general de la m\u00e1xima casa de estudios delestado.El rector hizo entrega del nombramiento a la nueva titular de la Secretar\u00eda General de laUAT, a quien expres\u00f3 [&hellip;]<\/p>\n","protected":false},"author":1,"featured_media":3972,"comment_status":"open","ping_status":"open","sticky":false,"template":"","format":"standard","meta":{"footnotes":""},"categories":[4],"tags":[],"class_list":["post-3971","post","type-post","status-publish","format-standard","has-post-thumbnail","hentry","category-universidades"],"blog_post_layout_featured_media_urls":{"thumbnail":["https:\/\/elregionaldigital.info\/wp-content\/uploads\/2025\/01\/1-1-scaled.jpeg",109,150,false],"full":["https:\/\/elregionaldigital.info\/wp-content\/uploads\/2025\/01\/1-1-scaled.jpeg",1853,2560,false]},"categories_names":{"4":{"name":"Universidades","link":"https:\/\/elregionaldigital.info\/?cat=4"}},"tags_names":[],"comments_number":"0","wpmagazine_modules_lite_featured_media_urls":{"thumbnail":["https:\/\/elregionaldigital.info\/wp-content\/uploads\/2025\/01\/1-1-scaled.jpeg",109,150,false],"cvmm-medium":["https:\/\/elregionaldigital.info\/wp-content\/uploads\/2025\/01\/1-1-scaled.jpeg",217,300,false],"cvmm-medium-plus":["https:\/\/elregionaldigital.info\/wp-content\/uploads\/2025\/01\/1-1-scaled.jpeg",150,207,false],"cvmm-portrait":["https:\/\/elregionaldigital.info\/wp-content\/uploads\/2025\/01\/1-1-scaled.jpeg",400,553,false],"cvmm-medium-square":["https:\/\/elregionaldigital.info\/wp-content\/uploads\/2025\/01\/1-1-scaled.jpeg",434,600,false],"cvmm-large":["https:\/\/elregionaldigital.info\/wp-content\/uploads\/2025\/01\/1-1-scaled.jpeg",741,1024,false],"cvmm-small":["https:\/\/elregionaldigital.info\/wp-content\/uploads\/2025\/01\/1-1-scaled.jpeg",69,95,false],"full":["https:\/\/elregionaldigital.info\/wp-content\/uploads\/2025\/01\/1-1-scaled.jpeg",1853,2560,false]},"_links":{"self":[{"href":"https:\/\/elregionaldigital.info\/index.php?rest_route=\/wp\/v2\/posts\/3971","targetHints":{"allow":["GET"]}}],"collection":[{"href":"https:\/\/elregionaldigital.info\/index.php?rest_route=\/wp\/v2\/posts"}],"about":[{"href":"https:\/\/elregionaldigital.info\/index.php?rest_route=\/wp\/v2\/types\/post"}],"author":[{"embeddable":true,"href":"https:\/\/elregionaldigital.info\/index.php?rest_route=\/wp\/v2\/users\/1"}],"replies":[{"embeddable":true,"href":"https:\/\/elregionaldigital.info\/index.php?rest_route=%2Fwp%2Fv2%2Fcomments&post=3971"}],"version-history":[{"count":1,"href":"https:\/\/elregionaldigital.info\/index.php?rest_route=\/wp\/v2\/posts\/3971\/revisions"}],"predecessor-version":[{"id":3973,"href":"https:\/\/elregionaldigital.info\/index.php?rest_route=\/wp\/v2\/posts\/3971\/revisions\/3973"}],"wp:featuredmedia":[{"embeddable":true,"href":"https:\/\/elregionaldigital.info\/index.php?rest_route=\/wp\/v2\/media\/3972"}],"wp:attachment":[{"href":"https:\/\/elregionaldigital.info\/index.php?rest_route=%2Fwp%2Fv2%2Fmedia&parent=3971"}],"wp:term":[{"taxonomy":"category","embeddable":true,"href":"https:\/\/elregionaldigital.info\/index.php?rest_route=%2Fwp%2Fv2%2Fcategories&post=3971"},{"taxonomy":"post_tag","embeddable":true,"href":"https:\/\/elregionaldigital.info\/index.php?rest_route=%2Fwp%2Fv2%2Ftags&post=3971"}],"curies":[{"name":"wp","href":"https:\/\/api.w.org\/{rel}","templated":true}]}}