{"id":3958,"date":"2025-01-03T06:45:20","date_gmt":"2025-01-03T06:45:20","guid":{"rendered":"https:\/\/elregionaldigital.info\/?p=3958"},"modified":"2025-01-06T06:45:46","modified_gmt":"2025-01-06T06:45:46","slug":"entrega-la-uat-nueva-generacion-de-egresados-de-la-facultad-de-medicina-tampico","status":"publish","type":"post","link":"https:\/\/elregionaldigital.info\/?p=3958","title":{"rendered":"Entrega la UAT nueva generaci\u00f3n de egresados de la Facultad de Medicina Tampico"},"content":{"rendered":"\n<p>La Facultad de Medicina Tampico de la Universidad Aut\u00f3noma de Tamaulipas (UAT)<br>celebr\u00f3 la ceremonia de graduaci\u00f3n de la Licenciatura en M\u00e9dico Cirujano, generaci\u00f3n<br>2024-3.<br>El evento tuvo lugar en el auditorio de la facultad, donde 53 estudiantes recibieron su<br>constancia de egreso, en preparaci\u00f3n para obtener pr\u00f3ximamente el t\u00edtulo de M\u00e9dico<br>Cirujano.<br>Durante la ceremonia, se hizo entrega de reconocimientos a los tres mejores promedios<br>de la generaci\u00f3n 2024-3: Sergio Alejandro Morales Garza en primer lugar, Irma Paola<br>Mora Sobrerilla en segundo lugar, y Claudette Gizeh Rodr\u00edguez Padilla en tercer lugar.<br>En este marco, el director de la Facultad de Medicina, Dr. Ra\u00fal De Le\u00f3n Escobedo, felicit\u00f3 a<br>los egresados por haber concluido con \u00e9xito m\u00e1s de 70 materias que integran la curricula<br>del programa de licenciatura y enfatiz\u00f3 la exigencia de la carrera.<br>Resalt\u00f3 el prestigio de la facultad, que recibe m\u00e1s de 1,400 aspirantes anualmente, y<br>motiv\u00f3 a los nuevos m\u00e9dicos a continuar su formaci\u00f3n mediante especialidades despu\u00e9s<br>de concluir con el a\u00f1o de internado y servicio social.<br>El alumno Sergio Alejandro Morales Garza dirigi\u00f3 un emotivo mensaje en representaci\u00f3n<br>de sus compa\u00f1eros graduados, en el cual destac\u00f3 la relevancia de ejercer la medicina con<br>un car\u00e1cter humanista y subray\u00f3 el compromiso de dar lo mejor de s\u00ed mismos en cada<br>etapa del camino profesional.<br>El padrino de generaci\u00f3n, Dr. Sergio Ram\u00edrez R\u00edos, felicit\u00f3 a los graduados y los alent\u00f3 a<br>enfrentar los desaf\u00edos futuros con dedicaci\u00f3n y compromiso.<br>La ceremonia de graduaci\u00f3n cont\u00f3 con la presencia del Decano de esta facultad, Dr.<br>R\u00f3mulo Almaraz Aguirre, as\u00ed como por funcionarios del plantel, familiares y amigos de los<\/p>\n\n\n\n<p>graduados, quienes compartieron este importante momento.<\/p>\n","protected":false},"excerpt":{"rendered":"<p>La Facultad de Medicina Tampico de la Universidad Aut\u00f3noma de Tamaulipas (UAT)celebr\u00f3 la ceremonia de graduaci\u00f3n de la Licenciatura en M\u00e9dico Cirujano, generaci\u00f3n2024-3.El evento tuvo lugar en el auditorio de la facultad, donde 53 estudiantes recibieron suconstancia de egreso, en preparaci\u00f3n para obtener pr\u00f3ximamente el t\u00edtulo de M\u00e9dicoCirujano.Durante la ceremonia, se hizo entrega de reconocimientos [&hellip;]<\/p>\n","protected":false},"author":1,"featured_media":3959,"comment_status":"open","ping_status":"open","sticky":false,"template":"","format":"standard","meta":{"footnotes":""},"categories":[1],"tags":[],"class_list":["post-3958","post","type-post","status-publish","format-standard","has-post-thumbnail","hentry","category-sin-categoria"],"blog_post_layout_featured_media_urls":{"thumbnail":["https:\/\/elregionaldigital.info\/wp-content\/uploads\/2025\/01\/2-2-150x150.jpg",150,150,true],"full":["https:\/\/elregionaldigital.info\/wp-content\/uploads\/2025\/01\/2-2.jpg",2352,1456,false]},"categories_names":{"1":{"name":"Sin categor\u00eda","link":"https:\/\/elregionaldigital.info\/?cat=1"}},"tags_names":[],"comments_number":"0","wpmagazine_modules_lite_featured_media_urls":{"thumbnail":["https:\/\/elregionaldigital.info\/wp-content\/uploads\/2025\/01\/2-2-150x150.jpg",150,150,true],"cvmm-medium":["https:\/\/elregionaldigital.info\/wp-content\/uploads\/2025\/01\/2-2-300x300.jpg",300,300,true],"cvmm-medium-plus":["https:\/\/elregionaldigital.info\/wp-content\/uploads\/2025\/01\/2-2-305x207.jpg",305,207,true],"cvmm-portrait":["https:\/\/elregionaldigital.info\/wp-content\/uploads\/2025\/01\/2-2-400x600.jpg",400,600,true],"cvmm-medium-square":["https:\/\/elregionaldigital.info\/wp-content\/uploads\/2025\/01\/2-2-600x600.jpg",600,600,true],"cvmm-large":["https:\/\/elregionaldigital.info\/wp-content\/uploads\/2025\/01\/2-2-1024x1024.jpg",1024,1024,true],"cvmm-small":["https:\/\/elregionaldigital.info\/wp-content\/uploads\/2025\/01\/2-2-130x95.jpg",130,95,true],"full":["https:\/\/elregionaldigital.info\/wp-content\/uploads\/2025\/01\/2-2.jpg",2352,1456,false]},"_links":{"self":[{"href":"https:\/\/elregionaldigital.info\/index.php?rest_route=\/wp\/v2\/posts\/3958","targetHints":{"allow":["GET"]}}],"collection":[{"href":"https:\/\/elregionaldigital.info\/index.php?rest_route=\/wp\/v2\/posts"}],"about":[{"href":"https:\/\/elregionaldigital.info\/index.php?rest_route=\/wp\/v2\/types\/post"}],"author":[{"embeddable":true,"href":"https:\/\/elregionaldigital.info\/index.php?rest_route=\/wp\/v2\/users\/1"}],"replies":[{"embeddable":true,"href":"https:\/\/elregionaldigital.info\/index.php?rest_route=%2Fwp%2Fv2%2Fcomments&post=3958"}],"version-history":[{"count":1,"href":"https:\/\/elregionaldigital.info\/index.php?rest_route=\/wp\/v2\/posts\/3958\/revisions"}],"predecessor-version":[{"id":3960,"href":"https:\/\/elregionaldigital.info\/index.php?rest_route=\/wp\/v2\/posts\/3958\/revisions\/3960"}],"wp:featuredmedia":[{"embeddable":true,"href":"https:\/\/elregionaldigital.info\/index.php?rest_route=\/wp\/v2\/media\/3959"}],"wp:attachment":[{"href":"https:\/\/elregionaldigital.info\/index.php?rest_route=%2Fwp%2Fv2%2Fmedia&parent=3958"}],"wp:term":[{"taxonomy":"category","embeddable":true,"href":"https:\/\/elregionaldigital.info\/index.php?rest_route=%2Fwp%2Fv2%2Fcategories&post=3958"},{"taxonomy":"post_tag","embeddable":true,"href":"https:\/\/elregionaldigital.info\/index.php?rest_route=%2Fwp%2Fv2%2Ftags&post=3958"}],"curies":[{"name":"wp","href":"https:\/\/api.w.org\/{rel}","templated":true}]}}