{"id":3952,"date":"2024-12-31T06:25:38","date_gmt":"2024-12-31T06:25:38","guid":{"rendered":"https:\/\/elregionaldigital.info\/?p=3952"},"modified":"2025-01-06T06:26:23","modified_gmt":"2025-01-06T06:26:23","slug":"celebra-uat-en-el-mante-graduacion-de-egresados-de-licenciatura-y-maestria","status":"publish","type":"post","link":"https:\/\/elregionaldigital.info\/?p=3952","title":{"rendered":"Celebra UAT en El Mante graduaci\u00f3n de egresados de licenciatura y maestr\u00eda"},"content":{"rendered":"\n<p><\/p>\n\n\n\n<p>La Unidad Acad\u00e9mica Multidisciplinaria Mante (UAM Mante) de la Universidad Aut\u00f3noma<br>de Tamaulipas (UAT), llev\u00f3 a cabo la graduaci\u00f3n de 157 estudiantes de la Generaci\u00f3n<br>2020-2024 que culminaron su formaci\u00f3n en las licenciaturas de Enfermer\u00eda, Ingenier\u00eda en<br>Sistemas Computacionales, Ingenier\u00eda Agr\u00f3noma, Contadur\u00eda P\u00fablica e Ingenier\u00eda<br>Bioqu\u00edmica Industrial, as\u00ed como la Primera Generaci\u00f3n de la Maestr\u00eda en Tecnolog\u00edas para<br>el Aprendizaje.<br>La ceremonia cont\u00f3 con la presencia del director de la UAM Mante, Jos\u00e9 Reyna Tinajero y<br>de la presidenta municipal de El Mante Martha Patricia Ch\u00edo de la Garza, quien fungi\u00f3<br>como madrina de la generaci\u00f3n, adem\u00e1s de invitados del sector salud y educaci\u00f3n, y<br>familiares de los graduados.<br>A nombre del rector, D\u00e1maso Anaya Alvarado, el director Jos\u00e9 Reyna Tinajero, felicit\u00f3 a los<br>graduados y dijo que este momento es una oportunidad para fortalecer los lazos con la<br>sociedad y las instituciones que han sido parte de su formaci\u00f3n.<br>Extendi\u00f3 su agradecimiento a los directivos del sector salud de Ciudad Mante por su<br>apoyo al proporcionar espacios para el aprendizaje pr\u00e1ctico de los estudiantes con una<br>educaci\u00f3n de calidad y con un enfoque humanista y transformador.<br>Por su parte, la presidenta municipal Martha Patricia Ch\u00edo de la Garza destac\u00f3 el esfuerzo<br>y dedicaci\u00f3n de los graduados, subrayando su potencial para contribuir al desarrollo del<br>municipio, del estado y del pa\u00eds.<br>Previo a la ceremonia principal, se realiz\u00f3 el tradicional Paso de la Luz para los graduandos<br>de la Licenciatura en Enfermer\u00eda, un acto simb\u00f3lico que reafirma el compromiso de los<br>nuevos profesionales con el cuidado y la responsabilidad en el campo cl\u00ednico. Adem\u00e1s, se<br>llev\u00f3 a cabo la Imposici\u00f3n de Cofias e Insignias para estudiantes de segundo semestre, que<\/p>\n\n\n\n<p>simboliza el inicio en el \u00e1mbito hospitalario y los principios \u00e9ticos de la enfermer\u00eda.<\/p>\n","protected":false},"excerpt":{"rendered":"<p>La Unidad Acad\u00e9mica Multidisciplinaria Mante (UAM Mante) de la Universidad Aut\u00f3nomade Tamaulipas (UAT), llev\u00f3 a cabo la graduaci\u00f3n de 157 estudiantes de la Generaci\u00f3n2020-2024 que culminaron su formaci\u00f3n en las licenciaturas de Enfermer\u00eda, Ingenier\u00eda enSistemas Computacionales, Ingenier\u00eda Agr\u00f3noma, Contadur\u00eda P\u00fablica e Ingenier\u00edaBioqu\u00edmica Industrial, as\u00ed como la Primera Generaci\u00f3n de la Maestr\u00eda en Tecnolog\u00edas parael Aprendizaje.La [&hellip;]<\/p>\n","protected":false},"author":1,"featured_media":3953,"comment_status":"open","ping_status":"open","sticky":false,"template":"","format":"standard","meta":{"footnotes":""},"categories":[4],"tags":[],"class_list":["post-3952","post","type-post","status-publish","format-standard","has-post-thumbnail","hentry","category-universidades"],"blog_post_layout_featured_media_urls":{"thumbnail":["https:\/\/elregionaldigital.info\/wp-content\/uploads\/2025\/01\/1-6-150x150.jpg",150,150,true],"full":["https:\/\/elregionaldigital.info\/wp-content\/uploads\/2025\/01\/1-6.jpg",1553,640,false]},"categories_names":{"4":{"name":"Universidades","link":"https:\/\/elregionaldigital.info\/?cat=4"}},"tags_names":[],"comments_number":"0","wpmagazine_modules_lite_featured_media_urls":{"thumbnail":["https:\/\/elregionaldigital.info\/wp-content\/uploads\/2025\/01\/1-6-150x150.jpg",150,150,true],"cvmm-medium":["https:\/\/elregionaldigital.info\/wp-content\/uploads\/2025\/01\/1-6-300x300.jpg",300,300,true],"cvmm-medium-plus":["https:\/\/elregionaldigital.info\/wp-content\/uploads\/2025\/01\/1-6-305x207.jpg",305,207,true],"cvmm-portrait":["https:\/\/elregionaldigital.info\/wp-content\/uploads\/2025\/01\/1-6-400x600.jpg",400,600,true],"cvmm-medium-square":["https:\/\/elregionaldigital.info\/wp-content\/uploads\/2025\/01\/1-6-600x600.jpg",600,600,true],"cvmm-large":["https:\/\/elregionaldigital.info\/wp-content\/uploads\/2025\/01\/1-6-1024x640.jpg",1024,640,true],"cvmm-small":["https:\/\/elregionaldigital.info\/wp-content\/uploads\/2025\/01\/1-6-130x95.jpg",130,95,true],"full":["https:\/\/elregionaldigital.info\/wp-content\/uploads\/2025\/01\/1-6.jpg",1553,640,false]},"_links":{"self":[{"href":"https:\/\/elregionaldigital.info\/index.php?rest_route=\/wp\/v2\/posts\/3952","targetHints":{"allow":["GET"]}}],"collection":[{"href":"https:\/\/elregionaldigital.info\/index.php?rest_route=\/wp\/v2\/posts"}],"about":[{"href":"https:\/\/elregionaldigital.info\/index.php?rest_route=\/wp\/v2\/types\/post"}],"author":[{"embeddable":true,"href":"https:\/\/elregionaldigital.info\/index.php?rest_route=\/wp\/v2\/users\/1"}],"replies":[{"embeddable":true,"href":"https:\/\/elregionaldigital.info\/index.php?rest_route=%2Fwp%2Fv2%2Fcomments&post=3952"}],"version-history":[{"count":1,"href":"https:\/\/elregionaldigital.info\/index.php?rest_route=\/wp\/v2\/posts\/3952\/revisions"}],"predecessor-version":[{"id":3954,"href":"https:\/\/elregionaldigital.info\/index.php?rest_route=\/wp\/v2\/posts\/3952\/revisions\/3954"}],"wp:featuredmedia":[{"embeddable":true,"href":"https:\/\/elregionaldigital.info\/index.php?rest_route=\/wp\/v2\/media\/3953"}],"wp:attachment":[{"href":"https:\/\/elregionaldigital.info\/index.php?rest_route=%2Fwp%2Fv2%2Fmedia&parent=3952"}],"wp:term":[{"taxonomy":"category","embeddable":true,"href":"https:\/\/elregionaldigital.info\/index.php?rest_route=%2Fwp%2Fv2%2Fcategories&post=3952"},{"taxonomy":"post_tag","embeddable":true,"href":"https:\/\/elregionaldigital.info\/index.php?rest_route=%2Fwp%2Fv2%2Ftags&post=3952"}],"curies":[{"name":"wp","href":"https:\/\/api.w.org\/{rel}","templated":true}]}}