{"id":3937,"date":"2024-12-26T05:35:21","date_gmt":"2024-12-26T05:35:21","guid":{"rendered":"https:\/\/elregionaldigital.info\/?p=3937"},"modified":"2025-01-06T05:35:48","modified_gmt":"2025-01-06T05:35:48","slug":"imparte-la-uat-el-taller-de-economia-social-para-ninas-y-ninos","status":"publish","type":"post","link":"https:\/\/elregionaldigital.info\/?p=3937","title":{"rendered":"Imparte la UAT el Taller de Econom\u00eda Social para Ni\u00f1as y Ni\u00f1os"},"content":{"rendered":"\n<p>Con el prop\u00f3sito de ense\u00f1ar principios de cooperaci\u00f3n y sostenibilidad en el \u00e1mbito<br>econ\u00f3mico desde una edad temprana, la Universidad Aut\u00f3noma de Tamaulipas (UAT) llev\u00f3<br>a cabo el Taller de Econom\u00eda Social para Ni\u00f1as y Ni\u00f1os, impartido por estudiantes<br>universitarios.<br>Este taller, organizado por la Facultad de Comercio y Administraci\u00f3n Victoria (FCAV) a<br>trav\u00e9s del Laboratorio de Estudios Regionales y la coordinaci\u00f3n de la carrera de Econom\u00eda<br>y Desarrollo Sustentable, forma parte de un programa enfocado en la cooperaci\u00f3n y las<br>soluciones comunitarias.<br>La actividad fue dirigida a hijos de trabajadores y docentes de la Facultad en edades entre<br>siete y diez a\u00f1os, y se imparti\u00f3 en tres sesiones programadas durante los meses de<br>septiembre, octubre y noviembre, coincidiendo con los viernes de Consejo T\u00e9cnico del<br>sector educativo, cuando los ni\u00f1os no tienen clases.<br>Al respecto, el Mtro. Luis Alberto Mendoza Rivas, coordinador de la carrera de Econom\u00eda<br>y Desarrollo Sustentable, explic\u00f3 que en esta edici\u00f3n participaron diecisiete estudiantes de<br>la FCAV, de varios semestres, quienes se encargaron de desarrollar e implementar juegos y<br>din\u00e1micas mediante las cuales los peque\u00f1ines participantes pueden comprender conceptos<br>b\u00e1sicos de econom\u00eda, finanzas personales y sustentabilidad.<br>Por su parte, el Dr. Francisco Garc\u00eda Fern\u00e1ndez, responsable del Laboratorio de Estudios<br>Regionales, mencion\u00f3 la importancia de este tipo de iniciativas en la formaci\u00f3n pr\u00e1ctica de<br>los estudiantes, al vincularse en proyectos de investigaci\u00f3n con colaboraci\u00f3n internacional,<br>enfocados en el desarrollo de formas cooperativas y productivas.<br>Esta edici\u00f3n del taller cont\u00f3 con la participaci\u00f3n de veinte ni\u00f1os y se espera que en el futuro<br>pueda expandirse a otros sectores educativos esta actividad que es parte del esfuerzo<br>institucional de la UAT por impulsar proyectos de incidencia social y educativa.<\/p>\n","protected":false},"excerpt":{"rendered":"<p>Con el prop\u00f3sito de ense\u00f1ar principios de cooperaci\u00f3n y sostenibilidad en el \u00e1mbitoecon\u00f3mico desde una edad temprana, la Universidad Aut\u00f3noma de Tamaulipas (UAT) llev\u00f3a cabo el Taller de Econom\u00eda Social para Ni\u00f1as y Ni\u00f1os, impartido por estudiantesuniversitarios.Este taller, organizado por la Facultad de Comercio y Administraci\u00f3n Victoria (FCAV) atrav\u00e9s del Laboratorio de Estudios Regionales y [&hellip;]<\/p>\n","protected":false},"author":1,"featured_media":3938,"comment_status":"open","ping_status":"open","sticky":false,"template":"","format":"standard","meta":{"footnotes":""},"categories":[4],"tags":[],"class_list":["post-3937","post","type-post","status-publish","format-standard","has-post-thumbnail","hentry","category-universidades"],"blog_post_layout_featured_media_urls":{"thumbnail":["https:\/\/elregionaldigital.info\/wp-content\/uploads\/2025\/01\/1-1-150x150.jpg",150,150,true],"full":["https:\/\/elregionaldigital.info\/wp-content\/uploads\/2025\/01\/1-1-scaled.jpg",2560,1707,false]},"categories_names":{"4":{"name":"Universidades","link":"https:\/\/elregionaldigital.info\/?cat=4"}},"tags_names":[],"comments_number":"0","wpmagazine_modules_lite_featured_media_urls":{"thumbnail":["https:\/\/elregionaldigital.info\/wp-content\/uploads\/2025\/01\/1-1-150x150.jpg",150,150,true],"cvmm-medium":["https:\/\/elregionaldigital.info\/wp-content\/uploads\/2025\/01\/1-1-300x300.jpg",300,300,true],"cvmm-medium-plus":["https:\/\/elregionaldigital.info\/wp-content\/uploads\/2025\/01\/1-1-305x207.jpg",305,207,true],"cvmm-portrait":["https:\/\/elregionaldigital.info\/wp-content\/uploads\/2025\/01\/1-1-400x600.jpg",400,600,true],"cvmm-medium-square":["https:\/\/elregionaldigital.info\/wp-content\/uploads\/2025\/01\/1-1-600x600.jpg",600,600,true],"cvmm-large":["https:\/\/elregionaldigital.info\/wp-content\/uploads\/2025\/01\/1-1-1024x1024.jpg",1024,1024,true],"cvmm-small":["https:\/\/elregionaldigital.info\/wp-content\/uploads\/2025\/01\/1-1-130x95.jpg",130,95,true],"full":["https:\/\/elregionaldigital.info\/wp-content\/uploads\/2025\/01\/1-1-scaled.jpg",2560,1707,false]},"_links":{"self":[{"href":"https:\/\/elregionaldigital.info\/index.php?rest_route=\/wp\/v2\/posts\/3937","targetHints":{"allow":["GET"]}}],"collection":[{"href":"https:\/\/elregionaldigital.info\/index.php?rest_route=\/wp\/v2\/posts"}],"about":[{"href":"https:\/\/elregionaldigital.info\/index.php?rest_route=\/wp\/v2\/types\/post"}],"author":[{"embeddable":true,"href":"https:\/\/elregionaldigital.info\/index.php?rest_route=\/wp\/v2\/users\/1"}],"replies":[{"embeddable":true,"href":"https:\/\/elregionaldigital.info\/index.php?rest_route=%2Fwp%2Fv2%2Fcomments&post=3937"}],"version-history":[{"count":1,"href":"https:\/\/elregionaldigital.info\/index.php?rest_route=\/wp\/v2\/posts\/3937\/revisions"}],"predecessor-version":[{"id":3939,"href":"https:\/\/elregionaldigital.info\/index.php?rest_route=\/wp\/v2\/posts\/3937\/revisions\/3939"}],"wp:featuredmedia":[{"embeddable":true,"href":"https:\/\/elregionaldigital.info\/index.php?rest_route=\/wp\/v2\/media\/3938"}],"wp:attachment":[{"href":"https:\/\/elregionaldigital.info\/index.php?rest_route=%2Fwp%2Fv2%2Fmedia&parent=3937"}],"wp:term":[{"taxonomy":"category","embeddable":true,"href":"https:\/\/elregionaldigital.info\/index.php?rest_route=%2Fwp%2Fv2%2Fcategories&post=3937"},{"taxonomy":"post_tag","embeddable":true,"href":"https:\/\/elregionaldigital.info\/index.php?rest_route=%2Fwp%2Fv2%2Ftags&post=3937"}],"curies":[{"name":"wp","href":"https:\/\/api.w.org\/{rel}","templated":true}]}}