{"id":3922,"date":"2024-12-20T16:08:13","date_gmt":"2024-12-20T16:08:13","guid":{"rendered":"https:\/\/elregionaldigital.info\/?p=3922"},"modified":"2025-01-03T16:08:45","modified_gmt":"2025-01-03T16:08:45","slug":"capacita-la-uat-a-ganaderos-para-la-deteccion-del-gusano-barrenador","status":"publish","type":"post","link":"https:\/\/elregionaldigital.info\/?p=3922","title":{"rendered":"Capacita la UAT a ganaderos para la detecci\u00f3n del gusano barrenador"},"content":{"rendered":"\n<p><br>En el marco de la vinculaci\u00f3n que impulsa el rector D\u00e1maso Anaya Alvarado con los<br>sectores productivo y gubernamental, la Universidad Aut\u00f3noma de Tamaulipas (UAT) llev\u00f3<br>a cabo el curso-taller de capacitaci\u00f3n Diagn\u00f3stico del gusano barrenador del ganado y<br>otras moscas causantes de Miasis.<br>El programa fue impartido a productores pecuarios, m\u00e9dicos veterinarios y estudiantes<br>con el prop\u00f3sito de compartir conocimientos que permitan prevenir la presencia del<br>gusano barrenador en Tamaulipas.<br>En el evento de apertura se destac\u00f3 el inter\u00e9s de la UAT por contribuir en las acciones que<br>realiza el Gobierno del Estado para la prevenci\u00f3n del gusano barrenador y seguir<br>manteniendo a la entidad libre de este par\u00e1sito.<br>Se subray\u00f3 la importancia de la participaci\u00f3n de los ganaderos, as\u00ed como de las<br>autoridades para aportar soluciones en este sector, donde la UAT colabora a trav\u00e9s de sus<br>investigadores reafirmando en ello el compromiso de seguir preparando expertos para<br>salvaguardar la salud animal y humana en la entidad.<br>El curso taller cont\u00f3 con la participaci\u00f3n de la Dra. Consuelo Almaz\u00e1n Garc\u00eda, de la<br>Universidad Aut\u00f3noma de Quer\u00e9taro, con un tema sobre la distribuci\u00f3n actual y los<br>riesgos de entrada al pa\u00eds del gusano barrenador.<br>Tambi\u00e9n participaron los investigadores de la Facultad de Medicina Veterinaria y<br>Zootecnia de la UAT, la Dra. Lorena Torres Rodr\u00edguez, que imparti\u00f3 el tema de la Miasis,<br>una enfermedad parasitaria ocasionada por larvas de mosca que afecta los tejidos y<br>\u00f3rganos de vertebrados, incluyendo a los humanos; y el Dr. Jos\u00e9 Octavio Merino Charrez,<br>quien habl\u00f3 sobre la Colecta, conservaci\u00f3n y transporte de muestras.<br>El programa incluy\u00f3 una pr\u00e1ctica de laboratorio para la identificaci\u00f3n de estructuras<br>larvarias de importancia taxon\u00f3mica, a cargo de la Dra. Socorro G\u00f3mez Dorante.<br>En la apertura del evento estuvo el secretario de Investigaci\u00f3n y Posgrado de la UAT,<\/p>\n\n\n\n<p>Fernando Leal R\u00edos, en representaci\u00f3n del rector D\u00e1maso Anaya Alvarado; el presidente<br>de Uni\u00f3n Ganadera Regional de Tamaulipas, Jos\u00e9 Guerrero Gamboa y el director de<br>Fomento Pecuario de la Secretar\u00eda de Desarrollo Rural, Pesca y Acuacultura, Tirso Zumaya<br>Turrubiates, entre otras autoridades.<\/p>\n","protected":false},"excerpt":{"rendered":"<p>En el marco de la vinculaci\u00f3n que impulsa el rector D\u00e1maso Anaya Alvarado con lossectores productivo y gubernamental, la Universidad Aut\u00f3noma de Tamaulipas (UAT) llev\u00f3a cabo el curso-taller de capacitaci\u00f3n Diagn\u00f3stico del gusano barrenador del ganado yotras moscas causantes de Miasis.El programa fue impartido a productores pecuarios, m\u00e9dicos veterinarios y estudiantescon el prop\u00f3sito de compartir [&hellip;]<\/p>\n","protected":false},"author":1,"featured_media":3923,"comment_status":"open","ping_status":"open","sticky":false,"template":"","format":"standard","meta":{"footnotes":""},"categories":[4],"tags":[],"class_list":["post-3922","post","type-post","status-publish","format-standard","has-post-thumbnail","hentry","category-universidades"],"blog_post_layout_featured_media_urls":{"thumbnail":["https:\/\/elregionaldigital.info\/wp-content\/uploads\/2025\/01\/1-150x150.jpg",150,150,true],"full":["https:\/\/elregionaldigital.info\/wp-content\/uploads\/2025\/01\/1-scaled.jpg",2560,1707,false]},"categories_names":{"4":{"name":"Universidades","link":"https:\/\/elregionaldigital.info\/?cat=4"}},"tags_names":[],"comments_number":"0","wpmagazine_modules_lite_featured_media_urls":{"thumbnail":["https:\/\/elregionaldigital.info\/wp-content\/uploads\/2025\/01\/1-150x150.jpg",150,150,true],"cvmm-medium":["https:\/\/elregionaldigital.info\/wp-content\/uploads\/2025\/01\/1-300x300.jpg",300,300,true],"cvmm-medium-plus":["https:\/\/elregionaldigital.info\/wp-content\/uploads\/2025\/01\/1-305x207.jpg",305,207,true],"cvmm-portrait":["https:\/\/elregionaldigital.info\/wp-content\/uploads\/2025\/01\/1-400x600.jpg",400,600,true],"cvmm-medium-square":["https:\/\/elregionaldigital.info\/wp-content\/uploads\/2025\/01\/1-600x600.jpg",600,600,true],"cvmm-large":["https:\/\/elregionaldigital.info\/wp-content\/uploads\/2025\/01\/1-1024x1024.jpg",1024,1024,true],"cvmm-small":["https:\/\/elregionaldigital.info\/wp-content\/uploads\/2025\/01\/1-130x95.jpg",130,95,true],"full":["https:\/\/elregionaldigital.info\/wp-content\/uploads\/2025\/01\/1-scaled.jpg",2560,1707,false]},"_links":{"self":[{"href":"https:\/\/elregionaldigital.info\/index.php?rest_route=\/wp\/v2\/posts\/3922","targetHints":{"allow":["GET"]}}],"collection":[{"href":"https:\/\/elregionaldigital.info\/index.php?rest_route=\/wp\/v2\/posts"}],"about":[{"href":"https:\/\/elregionaldigital.info\/index.php?rest_route=\/wp\/v2\/types\/post"}],"author":[{"embeddable":true,"href":"https:\/\/elregionaldigital.info\/index.php?rest_route=\/wp\/v2\/users\/1"}],"replies":[{"embeddable":true,"href":"https:\/\/elregionaldigital.info\/index.php?rest_route=%2Fwp%2Fv2%2Fcomments&post=3922"}],"version-history":[{"count":1,"href":"https:\/\/elregionaldigital.info\/index.php?rest_route=\/wp\/v2\/posts\/3922\/revisions"}],"predecessor-version":[{"id":3924,"href":"https:\/\/elregionaldigital.info\/index.php?rest_route=\/wp\/v2\/posts\/3922\/revisions\/3924"}],"wp:featuredmedia":[{"embeddable":true,"href":"https:\/\/elregionaldigital.info\/index.php?rest_route=\/wp\/v2\/media\/3923"}],"wp:attachment":[{"href":"https:\/\/elregionaldigital.info\/index.php?rest_route=%2Fwp%2Fv2%2Fmedia&parent=3922"}],"wp:term":[{"taxonomy":"category","embeddable":true,"href":"https:\/\/elregionaldigital.info\/index.php?rest_route=%2Fwp%2Fv2%2Fcategories&post=3922"},{"taxonomy":"post_tag","embeddable":true,"href":"https:\/\/elregionaldigital.info\/index.php?rest_route=%2Fwp%2Fv2%2Ftags&post=3922"}],"curies":[{"name":"wp","href":"https:\/\/api.w.org\/{rel}","templated":true}]}}