{"id":3915,"date":"2024-11-29T05:10:44","date_gmt":"2024-11-29T05:10:44","guid":{"rendered":"https:\/\/elregionaldigital.info\/?p=3915"},"modified":"2024-12-05T05:11:04","modified_gmt":"2024-12-05T05:11:04","slug":"eiza-gonzalez-revela-su-deseo-de-regresar-a-mexico","status":"publish","type":"post","link":"https:\/\/elregionaldigital.info\/?p=3915","title":{"rendered":"Eiza Gonz\u00e1lez revela su deseo de regresar a M\u00e9xico"},"content":{"rendered":"\n<p><a href=\"https:\/\/laverdad.com.mx\/wp-content\/uploads\/2024\/11\/AIZA.jpg\"><\/a><\/p>\n\n\n\n<p>La actriz Eiza Gonz\u00e1lez, conocida por su \u00e9xito en Hollywood, expres\u00f3 su deseo de regresar a vivir y trabajar en M\u00e9xico. Durante su reciente visita al pa\u00eds, Gonz\u00e1lez comparti\u00f3 con la prensa que su sue\u00f1o m\u00e1s grande es establecerse en su tierra natal, tras disfrutar de la experiencia de grabar y trabajar en M\u00e9xico. \u201cGrabar en M\u00e9xico es una bendici\u00f3n\u201d, afirm\u00f3 la actriz.<\/p>\n\n\n\n<h2 class=\"wp-block-heading\">Celebraci\u00f3n de fin de a\u00f1o y nuevos proyectos<\/h2>\n\n\n\n<p>Eiza Gonz\u00e1lez planea pasar las fiestas decembrinas con su familia en M\u00e9xico. La actriz tambi\u00e9n anticip\u00f3 su regreso al pa\u00eds para filmar un proyecto pr\u00f3ximamente. \u201cSiempre quiero regresar a M\u00e9xico y voy a regresar a trabajar\u201d, asegur\u00f3. A pesar de su \u00e9xito en el extranjero, mantiene una fuerte conexi\u00f3n con su hogar y cultura.<\/p>\n\n\n\n<h2 class=\"wp-block-heading\">Posibilidad de telenovela y su faceta como cantante<\/h2>\n\n\n\n<p>Aunque no ve cercana su participaci\u00f3n en una telenovela, Eiza no descart\u00f3 la idea en el futuro. \u201cNunca digas nunca\u201d, coment\u00f3 sobre su regreso a la televisi\u00f3n mexicana. Tambi\u00e9n, sorprendi\u00f3 al confesar que su faceta como cantante no es algo que considere retomar, pues \u201cno se le da\u201d. A pesar de ello, reafirm\u00f3 su amor por trabajar en M\u00e9xico y la gratitud por su inicio en la industria.<\/p>\n","protected":false},"excerpt":{"rendered":"<p>La actriz Eiza Gonz\u00e1lez, conocida por su \u00e9xito en Hollywood, expres\u00f3 su deseo de regresar a vivir y trabajar en M\u00e9xico. Durante su reciente visita al pa\u00eds, Gonz\u00e1lez comparti\u00f3 con la prensa que su sue\u00f1o m\u00e1s grande es establecerse en su tierra natal, tras disfrutar de la experiencia de grabar y trabajar en M\u00e9xico. \u201cGrabar [&hellip;]<\/p>\n","protected":false},"author":1,"featured_media":3916,"comment_status":"open","ping_status":"open","sticky":false,"template":"","format":"standard","meta":{"footnotes":""},"categories":[3],"tags":[],"class_list":["post-3915","post","type-post","status-publish","format-standard","has-post-thumbnail","hentry","category-entretenimiento"],"blog_post_layout_featured_media_urls":{"thumbnail":["https:\/\/elregionaldigital.info\/wp-content\/uploads\/2024\/12\/AIZA-750x450-1-150x150.jpg",150,150,true],"full":["https:\/\/elregionaldigital.info\/wp-content\/uploads\/2024\/12\/AIZA-750x450-1.jpg",750,450,false]},"categories_names":{"3":{"name":"Entretenimiento","link":"https:\/\/elregionaldigital.info\/?cat=3"}},"tags_names":[],"comments_number":"0","wpmagazine_modules_lite_featured_media_urls":{"thumbnail":["https:\/\/elregionaldigital.info\/wp-content\/uploads\/2024\/12\/AIZA-750x450-1-150x150.jpg",150,150,true],"cvmm-medium":["https:\/\/elregionaldigital.info\/wp-content\/uploads\/2024\/12\/AIZA-750x450-1-300x300.jpg",300,300,true],"cvmm-medium-plus":["https:\/\/elregionaldigital.info\/wp-content\/uploads\/2024\/12\/AIZA-750x450-1-305x207.jpg",305,207,true],"cvmm-portrait":["https:\/\/elregionaldigital.info\/wp-content\/uploads\/2024\/12\/AIZA-750x450-1-400x450.jpg",400,450,true],"cvmm-medium-square":["https:\/\/elregionaldigital.info\/wp-content\/uploads\/2024\/12\/AIZA-750x450-1-600x450.jpg",600,450,true],"cvmm-large":["https:\/\/elregionaldigital.info\/wp-content\/uploads\/2024\/12\/AIZA-750x450-1.jpg",750,450,false],"cvmm-small":["https:\/\/elregionaldigital.info\/wp-content\/uploads\/2024\/12\/AIZA-750x450-1-130x95.jpg",130,95,true],"full":["https:\/\/elregionaldigital.info\/wp-content\/uploads\/2024\/12\/AIZA-750x450-1.jpg",750,450,false]},"_links":{"self":[{"href":"https:\/\/elregionaldigital.info\/index.php?rest_route=\/wp\/v2\/posts\/3915","targetHints":{"allow":["GET"]}}],"collection":[{"href":"https:\/\/elregionaldigital.info\/index.php?rest_route=\/wp\/v2\/posts"}],"about":[{"href":"https:\/\/elregionaldigital.info\/index.php?rest_route=\/wp\/v2\/types\/post"}],"author":[{"embeddable":true,"href":"https:\/\/elregionaldigital.info\/index.php?rest_route=\/wp\/v2\/users\/1"}],"replies":[{"embeddable":true,"href":"https:\/\/elregionaldigital.info\/index.php?rest_route=%2Fwp%2Fv2%2Fcomments&post=3915"}],"version-history":[{"count":1,"href":"https:\/\/elregionaldigital.info\/index.php?rest_route=\/wp\/v2\/posts\/3915\/revisions"}],"predecessor-version":[{"id":3917,"href":"https:\/\/elregionaldigital.info\/index.php?rest_route=\/wp\/v2\/posts\/3915\/revisions\/3917"}],"wp:featuredmedia":[{"embeddable":true,"href":"https:\/\/elregionaldigital.info\/index.php?rest_route=\/wp\/v2\/media\/3916"}],"wp:attachment":[{"href":"https:\/\/elregionaldigital.info\/index.php?rest_route=%2Fwp%2Fv2%2Fmedia&parent=3915"}],"wp:term":[{"taxonomy":"category","embeddable":true,"href":"https:\/\/elregionaldigital.info\/index.php?rest_route=%2Fwp%2Fv2%2Fcategories&post=3915"},{"taxonomy":"post_tag","embeddable":true,"href":"https:\/\/elregionaldigital.info\/index.php?rest_route=%2Fwp%2Fv2%2Ftags&post=3915"}],"curies":[{"name":"wp","href":"https:\/\/api.w.org\/{rel}","templated":true}]}}