{"id":3912,"date":"2024-12-03T05:09:48","date_gmt":"2024-12-03T05:09:48","guid":{"rendered":"https:\/\/elregionaldigital.info\/?p=3912"},"modified":"2024-12-05T05:10:13","modified_gmt":"2024-12-05T05:10:13","slug":"espantosa-la-situacion-en-gaza-onu","status":"publish","type":"post","link":"https:\/\/elregionaldigital.info\/?p=3912","title":{"rendered":"\u201cEspantosa\u201d la situaci\u00f3n en Gaza: ONU"},"content":{"rendered":"\n<p><a href=\"https:\/\/laverdad.com.mx\/wp-content\/uploads\/2024\/12\/gaza.webp\"><\/a> El secretario general de la Organizaci\u00f3n de Naciones Unidas (ONU), Ant\u00f3nio Guterres, calific\u00f3 ayer la situaci\u00f3n en la franja de Gaza como \u201cespantosa\u201d y \u201capocal\u00edptica\u201d, advirtiendo que las condiciones actuales pueden constituir cr\u00edmenes internacionales de los m\u00e1s tumbas.\u00a0En un discurso le\u00eddo por la vicesecretaria general de la ONU, Amina Mohammed, durante una conferencia en El Cairo destinada a aumentar la ayuda humanitaria a Gaza, Guterres expres\u00f3 que lo que est\u00e1 ocurriendo en el enclave palestino representa \u201cel hundimiento total de nuestra humanidad\u201d .\u00a0El titular de la ONU destac\u00f3 la desnutrici\u00f3n rampante, la inminente hambruna y el colapso del sistema de salud, con el enclave palestino registrando el mayor n\u00famero de ni\u00f1os amputados en el mundo.\u00a0Por su parte, el primer ministro de la Autoridad Nacional Palestina, Mohamed Mustaf\u00e1, describi\u00f3 la situaci\u00f3n como una \u201cguerra genocida\u201d, acusando a Israel de usar la crisis humanitaria como un \u201carma de guerra\u201d y pidiendo el respeto de las resoluciones de la ONU.\u00a0La crisis en Gaza ha dejado hasta el momento m\u00e1s de 44 mil muertos y m\u00e1s de 105 mil heridos, mientras que la situaci\u00f3n empeor\u00f3 con el reciente bombardeo israel\u00ed en el norte de Gaza que result\u00f3 en la muerte de al menos 15 personas.\u00a0Adem\u00e1s, las autoridades gazat\u00edes criticaron la decisi\u00f3n de la Agencia de la ONU para los Refugiados Palestinos (UNRWA) de suspender la entrega de ayuda humanitaria, responsabilizando a Israel por las consecuencias de esta medida.<\/p>\n","protected":false},"excerpt":{"rendered":"<p>El secretario general de la Organizaci\u00f3n de Naciones Unidas (ONU), Ant\u00f3nio Guterres, calific\u00f3 ayer la situaci\u00f3n en la franja de Gaza como \u201cespantosa\u201d y \u201capocal\u00edptica\u201d, advirtiendo que las condiciones actuales pueden constituir cr\u00edmenes internacionales de los m\u00e1s tumbas.\u00a0En un discurso le\u00eddo por la vicesecretaria general de la ONU, Amina Mohammed, durante una conferencia en El [&hellip;]<\/p>\n","protected":false},"author":1,"featured_media":3913,"comment_status":"open","ping_status":"open","sticky":false,"template":"","format":"standard","meta":{"footnotes":""},"categories":[11],"tags":[],"class_list":["post-3912","post","type-post","status-publish","format-standard","has-post-thumbnail","hentry","category-mundo"],"blog_post_layout_featured_media_urls":{"thumbnail":["https:\/\/elregionaldigital.info\/wp-content\/uploads\/2024\/12\/gaza-750x500-1-150x150.webp",150,150,true],"full":["https:\/\/elregionaldigital.info\/wp-content\/uploads\/2024\/12\/gaza-750x500-1.webp",750,500,false]},"categories_names":{"11":{"name":"Mundo","link":"https:\/\/elregionaldigital.info\/?cat=11"}},"tags_names":[],"comments_number":"0","wpmagazine_modules_lite_featured_media_urls":{"thumbnail":["https:\/\/elregionaldigital.info\/wp-content\/uploads\/2024\/12\/gaza-750x500-1-150x150.webp",150,150,true],"cvmm-medium":["https:\/\/elregionaldigital.info\/wp-content\/uploads\/2024\/12\/gaza-750x500-1-300x300.webp",300,300,true],"cvmm-medium-plus":["https:\/\/elregionaldigital.info\/wp-content\/uploads\/2024\/12\/gaza-750x500-1-305x207.webp",305,207,true],"cvmm-portrait":["https:\/\/elregionaldigital.info\/wp-content\/uploads\/2024\/12\/gaza-750x500-1-400x500.webp",400,500,true],"cvmm-medium-square":["https:\/\/elregionaldigital.info\/wp-content\/uploads\/2024\/12\/gaza-750x500-1-600x500.webp",600,500,true],"cvmm-large":["https:\/\/elregionaldigital.info\/wp-content\/uploads\/2024\/12\/gaza-750x500-1.webp",750,500,false],"cvmm-small":["https:\/\/elregionaldigital.info\/wp-content\/uploads\/2024\/12\/gaza-750x500-1-130x95.webp",130,95,true],"full":["https:\/\/elregionaldigital.info\/wp-content\/uploads\/2024\/12\/gaza-750x500-1.webp",750,500,false]},"_links":{"self":[{"href":"https:\/\/elregionaldigital.info\/index.php?rest_route=\/wp\/v2\/posts\/3912","targetHints":{"allow":["GET"]}}],"collection":[{"href":"https:\/\/elregionaldigital.info\/index.php?rest_route=\/wp\/v2\/posts"}],"about":[{"href":"https:\/\/elregionaldigital.info\/index.php?rest_route=\/wp\/v2\/types\/post"}],"author":[{"embeddable":true,"href":"https:\/\/elregionaldigital.info\/index.php?rest_route=\/wp\/v2\/users\/1"}],"replies":[{"embeddable":true,"href":"https:\/\/elregionaldigital.info\/index.php?rest_route=%2Fwp%2Fv2%2Fcomments&post=3912"}],"version-history":[{"count":1,"href":"https:\/\/elregionaldigital.info\/index.php?rest_route=\/wp\/v2\/posts\/3912\/revisions"}],"predecessor-version":[{"id":3914,"href":"https:\/\/elregionaldigital.info\/index.php?rest_route=\/wp\/v2\/posts\/3912\/revisions\/3914"}],"wp:featuredmedia":[{"embeddable":true,"href":"https:\/\/elregionaldigital.info\/index.php?rest_route=\/wp\/v2\/media\/3913"}],"wp:attachment":[{"href":"https:\/\/elregionaldigital.info\/index.php?rest_route=%2Fwp%2Fv2%2Fmedia&parent=3912"}],"wp:term":[{"taxonomy":"category","embeddable":true,"href":"https:\/\/elregionaldigital.info\/index.php?rest_route=%2Fwp%2Fv2%2Fcategories&post=3912"},{"taxonomy":"post_tag","embeddable":true,"href":"https:\/\/elregionaldigital.info\/index.php?rest_route=%2Fwp%2Fv2%2Ftags&post=3912"}],"curies":[{"name":"wp","href":"https:\/\/api.w.org\/{rel}","templated":true}]}}