{"id":3909,"date":"2024-11-28T05:09:09","date_gmt":"2024-11-28T05:09:09","guid":{"rendered":"https:\/\/elregionaldigital.info\/?p=3909"},"modified":"2024-12-05T05:09:30","modified_gmt":"2024-12-05T05:09:30","slug":"bukele-critica-la-prohibicion-de-la-mineria-metalica-en-el-salvador-absurdo","status":"publish","type":"post","link":"https:\/\/elregionaldigital.info\/?p=3909","title":{"rendered":"Bukele critica la prohibici\u00f3n de la miner\u00eda met\u00e1lica en El Salvador: \u201c\u00a1absurdo!\u201d"},"content":{"rendered":"\n<p><a href=\"https:\/\/laverdad.com.mx\/wp-content\/uploads\/2024\/11\/bukele.jpg\"><\/a><\/p>\n\n\n\n<p>El presidente de El Salvador, Nayib Bukele, calific\u00f3 de \u201c\u00a1absurdo!\u201d que su pa\u00eds mantenga la prohibici\u00f3n total de la miner\u00eda met\u00e1lica, una ley vigente desde 2017. Bukele argument\u00f3 que El Salvador posee enormes reservas de oro y que la explotaci\u00f3n responsable de estos recursos podr\u00eda generar un \u201cdesarrollo econ\u00f3mico y social sin precedentes\u201d. En su publicaci\u00f3n en X, destac\u00f3 que el pa\u00eds es el \u00fanico en el mundo con una prohibici\u00f3n de este tipo.<\/p>\n\n\n\n<h2 class=\"wp-block-heading\">Potencial econ\u00f3mico de la miner\u00eda met\u00e1lica en El Salvador<\/h2>\n\n\n\n<p>Bukele resalt\u00f3 que El Salvador tiene algunos de los dep\u00f3sitos de oro m\u00e1s densos por kil\u00f3metro cuadrado en el mundo, con estudios recientes indicando la presencia de 50 millones de onzas de oro, valoradas en $131,565 millones. Seg\u00fan el presidente, esto representa m\u00e1s del 380 % del PIB del pa\u00eds, y podr\u00eda ser una fuente significativa de crecimiento econ\u00f3mico si se explotara de manera responsable.<\/p>\n\n\n\n<h3 class=\"wp-block-heading\">Controversia ambiental y protestas contra la miner\u00eda<\/h3>\n\n\n\n<p>Sin embargo, la propuesta de Bukele ha generado gran resistencia entre defensores del medio ambiente. Grupos como la Asociaci\u00f3n de Desarrollo Econ\u00f3mico Social Santa Marta (ADES) y la comunidad de Santa Marta han denunciado posibles intentos del gobierno de revertir la ley de prohibici\u00f3n de la miner\u00eda met\u00e1lica. Estas organizaciones advierten sobre la criminalizaci\u00f3n de los ambientalistas y alertan sobre se\u00f1ales de que el gobierno podr\u00eda estar favoreciendo la entrada de empresas mineras al pa\u00eds, a pesar de las preocupaciones por los impactos ambientales.<\/p>\n","protected":false},"excerpt":{"rendered":"<p>El presidente de El Salvador, Nayib Bukele, calific\u00f3 de \u201c\u00a1absurdo!\u201d que su pa\u00eds mantenga la prohibici\u00f3n total de la miner\u00eda met\u00e1lica, una ley vigente desde 2017. Bukele argument\u00f3 que El Salvador posee enormes reservas de oro y que la explotaci\u00f3n responsable de estos recursos podr\u00eda generar un \u201cdesarrollo econ\u00f3mico y social sin precedentes\u201d. En su [&hellip;]<\/p>\n","protected":false},"author":1,"featured_media":3910,"comment_status":"open","ping_status":"open","sticky":false,"template":"","format":"standard","meta":{"footnotes":""},"categories":[11],"tags":[],"class_list":["post-3909","post","type-post","status-publish","format-standard","has-post-thumbnail","hentry","category-mundo"],"blog_post_layout_featured_media_urls":{"thumbnail":["https:\/\/elregionaldigital.info\/wp-content\/uploads\/2024\/12\/bukele-750x450-1-150x150.jpg",150,150,true],"full":["https:\/\/elregionaldigital.info\/wp-content\/uploads\/2024\/12\/bukele-750x450-1.jpg",750,450,false]},"categories_names":{"11":{"name":"Mundo","link":"https:\/\/elregionaldigital.info\/?cat=11"}},"tags_names":[],"comments_number":"0","wpmagazine_modules_lite_featured_media_urls":{"thumbnail":["https:\/\/elregionaldigital.info\/wp-content\/uploads\/2024\/12\/bukele-750x450-1-150x150.jpg",150,150,true],"cvmm-medium":["https:\/\/elregionaldigital.info\/wp-content\/uploads\/2024\/12\/bukele-750x450-1-300x300.jpg",300,300,true],"cvmm-medium-plus":["https:\/\/elregionaldigital.info\/wp-content\/uploads\/2024\/12\/bukele-750x450-1-305x207.jpg",305,207,true],"cvmm-portrait":["https:\/\/elregionaldigital.info\/wp-content\/uploads\/2024\/12\/bukele-750x450-1-400x450.jpg",400,450,true],"cvmm-medium-square":["https:\/\/elregionaldigital.info\/wp-content\/uploads\/2024\/12\/bukele-750x450-1-600x450.jpg",600,450,true],"cvmm-large":["https:\/\/elregionaldigital.info\/wp-content\/uploads\/2024\/12\/bukele-750x450-1.jpg",750,450,false],"cvmm-small":["https:\/\/elregionaldigital.info\/wp-content\/uploads\/2024\/12\/bukele-750x450-1-130x95.jpg",130,95,true],"full":["https:\/\/elregionaldigital.info\/wp-content\/uploads\/2024\/12\/bukele-750x450-1.jpg",750,450,false]},"_links":{"self":[{"href":"https:\/\/elregionaldigital.info\/index.php?rest_route=\/wp\/v2\/posts\/3909","targetHints":{"allow":["GET"]}}],"collection":[{"href":"https:\/\/elregionaldigital.info\/index.php?rest_route=\/wp\/v2\/posts"}],"about":[{"href":"https:\/\/elregionaldigital.info\/index.php?rest_route=\/wp\/v2\/types\/post"}],"author":[{"embeddable":true,"href":"https:\/\/elregionaldigital.info\/index.php?rest_route=\/wp\/v2\/users\/1"}],"replies":[{"embeddable":true,"href":"https:\/\/elregionaldigital.info\/index.php?rest_route=%2Fwp%2Fv2%2Fcomments&post=3909"}],"version-history":[{"count":1,"href":"https:\/\/elregionaldigital.info\/index.php?rest_route=\/wp\/v2\/posts\/3909\/revisions"}],"predecessor-version":[{"id":3911,"href":"https:\/\/elregionaldigital.info\/index.php?rest_route=\/wp\/v2\/posts\/3909\/revisions\/3911"}],"wp:featuredmedia":[{"embeddable":true,"href":"https:\/\/elregionaldigital.info\/index.php?rest_route=\/wp\/v2\/media\/3910"}],"wp:attachment":[{"href":"https:\/\/elregionaldigital.info\/index.php?rest_route=%2Fwp%2Fv2%2Fmedia&parent=3909"}],"wp:term":[{"taxonomy":"category","embeddable":true,"href":"https:\/\/elregionaldigital.info\/index.php?rest_route=%2Fwp%2Fv2%2Fcategories&post=3909"},{"taxonomy":"post_tag","embeddable":true,"href":"https:\/\/elregionaldigital.info\/index.php?rest_route=%2Fwp%2Fv2%2Ftags&post=3909"}],"curies":[{"name":"wp","href":"https:\/\/api.w.org\/{rel}","templated":true}]}}