{"id":3900,"date":"2024-12-01T05:06:09","date_gmt":"2024-12-01T05:06:09","guid":{"rendered":"https:\/\/elregionaldigital.info\/?p=3900"},"modified":"2024-12-05T05:06:35","modified_gmt":"2024-12-05T05:06:35","slug":"sera-tampico-la-sede-del-congreso-internacional-de-energia-tamaulipas-2025","status":"publish","type":"post","link":"https:\/\/elregionaldigital.info\/?p=3900","title":{"rendered":"Ser\u00e1 Tampico la sede del Congreso Internacional de Energ\u00eda Tamaulipas 2025"},"content":{"rendered":"\n<p><a href=\"https:\/\/laverdad.com.mx\/wp-content\/uploads\/2024\/12\/1sede.jpeg\"><\/a><\/p>\n\n\n\n<p>Tampico, Tamaulipas.- Tampico ser\u00e1 sede del Congreso Internacional de Energ\u00eda Tamaulipas 2025, que se desarrollar\u00e1 en Tampico, anunci\u00f3 el secretario de Energ\u00eda, Jos\u00e9 Ram\u00f3n Silva Arizabalo.<\/p>\n\n\n\n<p>Durante la presentaci\u00f3n oficial del congreso en la Expo Tampico, donde se llevar\u00e1 a cabo este evento en el mes de marzo, Jos\u00e9 Ram\u00f3n Silva destac\u00f3 que servir\u00e1 como un punto de actualizaci\u00f3n para la industria, siendo clave para estrechar conexiones en la cadena de proveedores que operan en Tamaulipas.<\/p>\n\n\n\n<p>Se\u00f1al\u00f3 que participar\u00e1n un promedio de 80 empresas, las cuales estar\u00e1n involucradas en las actividades del congreso.<\/p>\n\n\n\n<p>\u201cSon alrededor de 80 empresas ya confirmadas; algunas de ellas pertenecen al sector de hidrocarburos y otras al de energ\u00edas renovables. Tambi\u00e9n contaremos con la presencia de empresas de generaci\u00f3n de energ\u00eda y compa\u00f1\u00edas de gran escala a nivel internacional\u201d, coment\u00f3.<\/p>\n\n\n\n<p>Adem\u00e1s, destac\u00f3 que la zona sur del estado recibir\u00e1 una importante derrama econ\u00f3mica gracias a este congreso.<\/p>\n\n\n\n<p>\u201cSe estima una derrama econ\u00f3mica de alrededor de 50 millones de pesos, con un gasto promedio de mil 700 pesos por cada persona que visite la zona durante los tres o cuatro d\u00edas que dure el congreso\u201d, puntualiz\u00f3.<\/p>\n","protected":false},"excerpt":{"rendered":"<p>Tampico, Tamaulipas.- Tampico ser\u00e1 sede del Congreso Internacional de Energ\u00eda Tamaulipas 2025, que se desarrollar\u00e1 en Tampico, anunci\u00f3 el secretario de Energ\u00eda, Jos\u00e9 Ram\u00f3n Silva Arizabalo. Durante la presentaci\u00f3n oficial del congreso en la Expo Tampico, donde se llevar\u00e1 a cabo este evento en el mes de marzo, Jos\u00e9 Ram\u00f3n Silva destac\u00f3 que servir\u00e1 como [&hellip;]<\/p>\n","protected":false},"author":1,"featured_media":3901,"comment_status":"open","ping_status":"open","sticky":false,"template":"","format":"standard","meta":{"footnotes":""},"categories":[2],"tags":[],"class_list":["post-3900","post","type-post","status-publish","format-standard","has-post-thumbnail","hentry","category-tamaulipas"],"blog_post_layout_featured_media_urls":{"thumbnail":["https:\/\/elregionaldigital.info\/wp-content\/uploads\/2024\/12\/1sede-750x500-1-150x150.jpeg",150,150,true],"full":["https:\/\/elregionaldigital.info\/wp-content\/uploads\/2024\/12\/1sede-750x500-1.jpeg",750,500,false]},"categories_names":{"2":{"name":"Tamaulipas","link":"https:\/\/elregionaldigital.info\/?cat=2"}},"tags_names":[],"comments_number":"0","wpmagazine_modules_lite_featured_media_urls":{"thumbnail":["https:\/\/elregionaldigital.info\/wp-content\/uploads\/2024\/12\/1sede-750x500-1-150x150.jpeg",150,150,true],"cvmm-medium":["https:\/\/elregionaldigital.info\/wp-content\/uploads\/2024\/12\/1sede-750x500-1-300x300.jpeg",300,300,true],"cvmm-medium-plus":["https:\/\/elregionaldigital.info\/wp-content\/uploads\/2024\/12\/1sede-750x500-1-305x207.jpeg",305,207,true],"cvmm-portrait":["https:\/\/elregionaldigital.info\/wp-content\/uploads\/2024\/12\/1sede-750x500-1-400x500.jpeg",400,500,true],"cvmm-medium-square":["https:\/\/elregionaldigital.info\/wp-content\/uploads\/2024\/12\/1sede-750x500-1-600x500.jpeg",600,500,true],"cvmm-large":["https:\/\/elregionaldigital.info\/wp-content\/uploads\/2024\/12\/1sede-750x500-1.jpeg",750,500,false],"cvmm-small":["https:\/\/elregionaldigital.info\/wp-content\/uploads\/2024\/12\/1sede-750x500-1-130x95.jpeg",130,95,true],"full":["https:\/\/elregionaldigital.info\/wp-content\/uploads\/2024\/12\/1sede-750x500-1.jpeg",750,500,false]},"_links":{"self":[{"href":"https:\/\/elregionaldigital.info\/index.php?rest_route=\/wp\/v2\/posts\/3900","targetHints":{"allow":["GET"]}}],"collection":[{"href":"https:\/\/elregionaldigital.info\/index.php?rest_route=\/wp\/v2\/posts"}],"about":[{"href":"https:\/\/elregionaldigital.info\/index.php?rest_route=\/wp\/v2\/types\/post"}],"author":[{"embeddable":true,"href":"https:\/\/elregionaldigital.info\/index.php?rest_route=\/wp\/v2\/users\/1"}],"replies":[{"embeddable":true,"href":"https:\/\/elregionaldigital.info\/index.php?rest_route=%2Fwp%2Fv2%2Fcomments&post=3900"}],"version-history":[{"count":1,"href":"https:\/\/elregionaldigital.info\/index.php?rest_route=\/wp\/v2\/posts\/3900\/revisions"}],"predecessor-version":[{"id":3902,"href":"https:\/\/elregionaldigital.info\/index.php?rest_route=\/wp\/v2\/posts\/3900\/revisions\/3902"}],"wp:featuredmedia":[{"embeddable":true,"href":"https:\/\/elregionaldigital.info\/index.php?rest_route=\/wp\/v2\/media\/3901"}],"wp:attachment":[{"href":"https:\/\/elregionaldigital.info\/index.php?rest_route=%2Fwp%2Fv2%2Fmedia&parent=3900"}],"wp:term":[{"taxonomy":"category","embeddable":true,"href":"https:\/\/elregionaldigital.info\/index.php?rest_route=%2Fwp%2Fv2%2Fcategories&post=3900"},{"taxonomy":"post_tag","embeddable":true,"href":"https:\/\/elregionaldigital.info\/index.php?rest_route=%2Fwp%2Fv2%2Ftags&post=3900"}],"curies":[{"name":"wp","href":"https:\/\/api.w.org\/{rel}","templated":true}]}}