{"id":3876,"date":"2024-12-02T13:55:37","date_gmt":"2024-12-02T13:55:37","guid":{"rendered":"https:\/\/elregionaldigital.info\/?p=3876"},"modified":"2024-12-03T13:56:08","modified_gmt":"2024-12-03T13:56:08","slug":"gobernador-y-rector-hacen-entrega-historica-de-equipos-decomputo-a-estudiantes-y-docentes-de-la-uat","status":"publish","type":"post","link":"https:\/\/elregionaldigital.info\/?p=3876","title":{"rendered":"Gobernador y rector hacen entrega hist\u00f3rica de equipos dec\u00f3mputo a estudiantes y docentes de la UAT"},"content":{"rendered":"\n<p>\uf0b7 M\u00e1s de cinco mil computadoras port\u00e1tiles son destinadas al personal acad\u00e9mico,<br>as\u00ed como a estudiantes de todos los planteles de la UAT.<\/p>\n\n\n\n<p>En un acto hist\u00f3rico, el gobernador Am\u00e9rico Villarreal Anaya y el rector D\u00e1maso<br>Anaya Alvarado realizaron la entrega simb\u00f3lica de m\u00e1s de cinco mil equipos de<br>c\u00f3mputo port\u00e1til para estudiantes y docentes de la Universidad Aut\u00f3noma de<br>Tamaulipas (UAT).<br>En este marco, el gobernador reafirm\u00f3 su respaldo al proyecto de<br>D\u00e1maso Anaya, y se\u00f1al\u00f3 que la entrega de material tecnol\u00f3gico confirma la<br>transformaci\u00f3n profunda que vive la UAT, y que se percibe en un cambio de<br>modelo, as\u00ed como en el destino de sus recursos y la definici\u00f3n de sus prioridades.<br>El gobernador encabez\u00f3 la ceremonia c\u00edvica de honores a la bandera en<br>el Gimnasio Multidisciplinario de la UAT, donde destac\u00f3 la relevancia de este acto<br>en el que, por primera vez, se hace entrega a los universitarios de este importante<br>recurso para apoyar la labor docente y el esfuerzo de sus estudiantes para<br>formarse con las mejores herramientas.<br>Refiri\u00f3 que, en su transici\u00f3n hacia una perspectiva humanista, inclusiva y<br>de mayor vinculaci\u00f3n y responsabilidad social, la UAT tambi\u00e9n ha mostrado<br>mejor\u00eda en las condiciones materiales de sus instalaciones y en el \u00e1nimo que<br>recorre en sus aulas y espacios acad\u00e9micos.<br>Destac\u00f3 su reconocimiento al liderazgo del rector D\u00e1maso Anaya y lo que<br>esta comunidad universitaria ha logrado justamente a un a\u00f1o de haber iniciado<br>esta nueva etapa de su vida institucional.<br>Afirm\u00f3 que la nueva perspectiva universitaria es coincidente con el<br>enfoque del Gobierno de Tamaulipas, por lo que celebr\u00f3 que se fortalezcan los<\/p>\n\n\n\n<p>lazos en una etapa de fuerte colaboraci\u00f3n para el bien de la sociedad.<br>Por su parte, el rector D\u00e1maso Anaya Alvarado coment\u00f3 que la misi\u00f3n de<br>la UAT es ser un pilar del desarrollo regional generando conocimientos que<br>respondan a las necesidades locales y globales.<br>Sostuvo que se ha trabajado con firmeza y determinaci\u00f3n para<br>consolidar un modelo universitario humanista, incluyente, que se preocupa por la<br>formaci\u00f3n acad\u00e9mica de los estudiantes y por su desarrollo integral como<br>ciudadanos responsables y comprometidos con su entorno.<br>Reconoci\u00f3 el apoyo del gobernador Am\u00e9rico Villarreal, para avanzar<br>en la construcci\u00f3n de una universidad m\u00e1s equitativa, m\u00e1s inclusiva y conectada<br>con la sociedad.<br>En ese sentido, subray\u00f3 como ejemplo la entrega de cinco mil noventa<br>computadoras port\u00e1tiles, de las cuales dos mil cuatrocientas cuarenta y cinco<br>ser\u00e1n destinadas a estudiantes y dos mil seiscientas cuarenta y cinco, a docentes.<br>Puntualiz\u00f3 que con este esfuerzo se reduce la brecha digital al lograr<br>que estudiantes y maestros cuenten con los recursos necesarios para una<br>educaci\u00f3n de calidad.<br>El evento cont\u00f3 con la presencia de secretarios del Gobierno de<br>Tamaulipas, representantes de los Poderes Legislativo y Judicial, autoridades<br>militares, funcionarios de la Rector\u00eda, docentes y estudiantes de la UAT.<\/p>\n","protected":false},"excerpt":{"rendered":"<p>\uf0b7 M\u00e1s de cinco mil computadoras port\u00e1tiles son destinadas al personal acad\u00e9mico,as\u00ed como a estudiantes de todos los planteles de la UAT. En un acto hist\u00f3rico, el gobernador Am\u00e9rico Villarreal Anaya y el rector D\u00e1masoAnaya Alvarado realizaron la entrega simb\u00f3lica de m\u00e1s de cinco mil equipos dec\u00f3mputo port\u00e1til para estudiantes y docentes de la Universidad [&hellip;]<\/p>\n","protected":false},"author":1,"featured_media":3877,"comment_status":"open","ping_status":"open","sticky":false,"template":"","format":"standard","meta":{"footnotes":""},"categories":[4],"tags":[],"class_list":["post-3876","post","type-post","status-publish","format-standard","has-post-thumbnail","hentry","category-universidades"],"blog_post_layout_featured_media_urls":{"thumbnail":["https:\/\/elregionaldigital.info\/wp-content\/uploads\/2024\/12\/04-150x150.jpg",150,150,true],"full":["https:\/\/elregionaldigital.info\/wp-content\/uploads\/2024\/12\/04-scaled.jpg",2560,1707,false]},"categories_names":{"4":{"name":"Universidades","link":"https:\/\/elregionaldigital.info\/?cat=4"}},"tags_names":[],"comments_number":"0","wpmagazine_modules_lite_featured_media_urls":{"thumbnail":["https:\/\/elregionaldigital.info\/wp-content\/uploads\/2024\/12\/04-150x150.jpg",150,150,true],"cvmm-medium":["https:\/\/elregionaldigital.info\/wp-content\/uploads\/2024\/12\/04-300x300.jpg",300,300,true],"cvmm-medium-plus":["https:\/\/elregionaldigital.info\/wp-content\/uploads\/2024\/12\/04-305x207.jpg",305,207,true],"cvmm-portrait":["https:\/\/elregionaldigital.info\/wp-content\/uploads\/2024\/12\/04-400x600.jpg",400,600,true],"cvmm-medium-square":["https:\/\/elregionaldigital.info\/wp-content\/uploads\/2024\/12\/04-600x600.jpg",600,600,true],"cvmm-large":["https:\/\/elregionaldigital.info\/wp-content\/uploads\/2024\/12\/04-1024x1024.jpg",1024,1024,true],"cvmm-small":["https:\/\/elregionaldigital.info\/wp-content\/uploads\/2024\/12\/04-130x95.jpg",130,95,true],"full":["https:\/\/elregionaldigital.info\/wp-content\/uploads\/2024\/12\/04-scaled.jpg",2560,1707,false]},"_links":{"self":[{"href":"https:\/\/elregionaldigital.info\/index.php?rest_route=\/wp\/v2\/posts\/3876","targetHints":{"allow":["GET"]}}],"collection":[{"href":"https:\/\/elregionaldigital.info\/index.php?rest_route=\/wp\/v2\/posts"}],"about":[{"href":"https:\/\/elregionaldigital.info\/index.php?rest_route=\/wp\/v2\/types\/post"}],"author":[{"embeddable":true,"href":"https:\/\/elregionaldigital.info\/index.php?rest_route=\/wp\/v2\/users\/1"}],"replies":[{"embeddable":true,"href":"https:\/\/elregionaldigital.info\/index.php?rest_route=%2Fwp%2Fv2%2Fcomments&post=3876"}],"version-history":[{"count":1,"href":"https:\/\/elregionaldigital.info\/index.php?rest_route=\/wp\/v2\/posts\/3876\/revisions"}],"predecessor-version":[{"id":3878,"href":"https:\/\/elregionaldigital.info\/index.php?rest_route=\/wp\/v2\/posts\/3876\/revisions\/3878"}],"wp:featuredmedia":[{"embeddable":true,"href":"https:\/\/elregionaldigital.info\/index.php?rest_route=\/wp\/v2\/media\/3877"}],"wp:attachment":[{"href":"https:\/\/elregionaldigital.info\/index.php?rest_route=%2Fwp%2Fv2%2Fmedia&parent=3876"}],"wp:term":[{"taxonomy":"category","embeddable":true,"href":"https:\/\/elregionaldigital.info\/index.php?rest_route=%2Fwp%2Fv2%2Fcategories&post=3876"},{"taxonomy":"post_tag","embeddable":true,"href":"https:\/\/elregionaldigital.info\/index.php?rest_route=%2Fwp%2Fv2%2Ftags&post=3876"}],"curies":[{"name":"wp","href":"https:\/\/api.w.org\/{rel}","templated":true}]}}