{"id":3873,"date":"2024-12-01T13:29:42","date_gmt":"2024-12-01T13:29:42","guid":{"rendered":"https:\/\/elregionaldigital.info\/?p=3873"},"modified":"2024-12-03T13:30:28","modified_gmt":"2024-12-03T13:30:28","slug":"aborda-la-uat-transformacion-y-humanismo-de-la-enfermeria-en-el-desarrollo-sustentable","status":"publish","type":"post","link":"https:\/\/elregionaldigital.info\/?p=3873","title":{"rendered":"Aborda la UAT transformaci\u00f3n y humanismo de la enfermer\u00eda en el desarrollo sustentable"},"content":{"rendered":"\n<p><\/p>\n\n\n\n<p>El rector de la Universidad Aut\u00f3noma de Tamaulipas (UAT), D\u00e1maso Anaya<br>Alvarado, inaugur\u00f3 la dieciseisava edici\u00f3n del Congreso Internacional de<br>Enfermer\u00eda y el onceavo Foro Regional de Posgrado denominado \u201cTransformaci\u00f3n<br>y Humanismo en Enfermer\u00eda para un Mundo Sostenible\u201d.<br>En su mensaje, el rector D\u00e1maso Anaya dio la bienvenida a ponentes,<br>investigadores, estudiantes y profesionales que participaron en las jornadas<br>acad\u00e9micas y cient\u00edficas en las cuales se abordaron los retos de la enfermer\u00eda y<br>los objetivos de desarrollo sostenible.<br>Felicit\u00f3 a la comunidad de la Facultad de Enfermer\u00eda de Tampico (FET) y a su<br>directora, Tranquilina Guti\u00e9rrez G\u00f3mez, por la organizaci\u00f3n de este importante<br>encuentro que muestra el compromiso profesional de generar espacios<br>importantes para el aprendizaje y que adem\u00e1s fortalece los programas de<br>investigaci\u00f3n y posgrado que impulsa la UAT.<br>Destac\u00f3 la participaci\u00f3n de ponentes de instituciones como la UNAM, la<br>Universidad An\u00e1huac, la Universidad de Sucre, Colombia, y organismos de<br>investigaci\u00f3n como U-Nursing Latinoam\u00e9rica, subrayando la importancia de<br>realizar en estas actividades el intercambio de ideas, la colaboraci\u00f3n y el<br>fortalecimiento de los v\u00ednculos entre instituciones nacionales e internacionales.<br>Subray\u00f3 que, la Facultad de Enfermer\u00eda Tampico, desde sus inicios ha sido un<br>basti\u00f3n de excelencia formando profesionales competentes y comprometidos con<br>los principios de \u00e9tica y de humanidades, luego de a\u00f1adir que su liderazgo<br>acad\u00e9mico ha sido determinante en la consolidaci\u00f3n de enfermer\u00eda como una<br>disciplina fundamental en el cuidado de la salud.<br>El rector enfatiz\u00f3 en la formaci\u00f3n humanista de los estudiantes de enfermer\u00eda, y<br>puntualiz\u00f3 su compromiso de fortalecer con este nuevo enfoque educativo a todas<\/p>\n\n\n\n<p>las disciplinas que imparte la UAT.<br>Por su parte, la directora de la Facultad de Enfermer\u00eda Tampico, Tranquilina<br>Guti\u00e9rrez G\u00f3mez, agradeci\u00f3 al rector D\u00e1maso Anaya por el apoyo en la<br>consolidaci\u00f3n de proyectos que fortalecen la calidad acad\u00e9mica de esta<br>instituci\u00f3n.<br>En el evento el rector entreg\u00f3 reconocimientos a veintitr\u00e9s egresados que<br>recientemente obtuvieron el Premio Ceneval al Desempe\u00f1o de Excelencia-EGEL,<br>as\u00ed como a once docentes pertenecientes al Sistema Nacional de Investigadoras e<br>Investigadores (SNII).<br>Durante las actividades se abordaron temas tales como: Humanizaci\u00f3n<br>desde la educaci\u00f3n de Enfermer\u00eda, Enfermer\u00eda y los objetivos de desarrollo<br>sostenible, El cuidado integral desde una perspectiva humanista, Competencias<br>de enfermer\u00eda en la salud ambiental y la sustentabilidad, entre otros.<\/p>\n","protected":false},"excerpt":{"rendered":"<p>El rector de la Universidad Aut\u00f3noma de Tamaulipas (UAT), D\u00e1maso AnayaAlvarado, inaugur\u00f3 la dieciseisava edici\u00f3n del Congreso Internacional deEnfermer\u00eda y el onceavo Foro Regional de Posgrado denominado \u201cTransformaci\u00f3ny Humanismo en Enfermer\u00eda para un Mundo Sostenible\u201d.En su mensaje, el rector D\u00e1maso Anaya dio la bienvenida a ponentes,investigadores, estudiantes y profesionales que participaron en las jornadasacad\u00e9micas y [&hellip;]<\/p>\n","protected":false},"author":1,"featured_media":3874,"comment_status":"open","ping_status":"open","sticky":false,"template":"","format":"standard","meta":{"footnotes":""},"categories":[4],"tags":[],"class_list":["post-3873","post","type-post","status-publish","format-standard","has-post-thumbnail","hentry","category-universidades"],"blog_post_layout_featured_media_urls":{"thumbnail":["https:\/\/elregionaldigital.info\/wp-content\/uploads\/2024\/12\/3-1-150x150.jpg",150,150,true],"full":["https:\/\/elregionaldigital.info\/wp-content\/uploads\/2024\/12\/3-1-scaled.jpg",2560,1707,false]},"categories_names":{"4":{"name":"Universidades","link":"https:\/\/elregionaldigital.info\/?cat=4"}},"tags_names":[],"comments_number":"0","wpmagazine_modules_lite_featured_media_urls":{"thumbnail":["https:\/\/elregionaldigital.info\/wp-content\/uploads\/2024\/12\/3-1-150x150.jpg",150,150,true],"cvmm-medium":["https:\/\/elregionaldigital.info\/wp-content\/uploads\/2024\/12\/3-1-300x300.jpg",300,300,true],"cvmm-medium-plus":["https:\/\/elregionaldigital.info\/wp-content\/uploads\/2024\/12\/3-1-305x207.jpg",305,207,true],"cvmm-portrait":["https:\/\/elregionaldigital.info\/wp-content\/uploads\/2024\/12\/3-1-400x600.jpg",400,600,true],"cvmm-medium-square":["https:\/\/elregionaldigital.info\/wp-content\/uploads\/2024\/12\/3-1-600x600.jpg",600,600,true],"cvmm-large":["https:\/\/elregionaldigital.info\/wp-content\/uploads\/2024\/12\/3-1-1024x1024.jpg",1024,1024,true],"cvmm-small":["https:\/\/elregionaldigital.info\/wp-content\/uploads\/2024\/12\/3-1-130x95.jpg",130,95,true],"full":["https:\/\/elregionaldigital.info\/wp-content\/uploads\/2024\/12\/3-1-scaled.jpg",2560,1707,false]},"_links":{"self":[{"href":"https:\/\/elregionaldigital.info\/index.php?rest_route=\/wp\/v2\/posts\/3873","targetHints":{"allow":["GET"]}}],"collection":[{"href":"https:\/\/elregionaldigital.info\/index.php?rest_route=\/wp\/v2\/posts"}],"about":[{"href":"https:\/\/elregionaldigital.info\/index.php?rest_route=\/wp\/v2\/types\/post"}],"author":[{"embeddable":true,"href":"https:\/\/elregionaldigital.info\/index.php?rest_route=\/wp\/v2\/users\/1"}],"replies":[{"embeddable":true,"href":"https:\/\/elregionaldigital.info\/index.php?rest_route=%2Fwp%2Fv2%2Fcomments&post=3873"}],"version-history":[{"count":1,"href":"https:\/\/elregionaldigital.info\/index.php?rest_route=\/wp\/v2\/posts\/3873\/revisions"}],"predecessor-version":[{"id":3875,"href":"https:\/\/elregionaldigital.info\/index.php?rest_route=\/wp\/v2\/posts\/3873\/revisions\/3875"}],"wp:featuredmedia":[{"embeddable":true,"href":"https:\/\/elregionaldigital.info\/index.php?rest_route=\/wp\/v2\/media\/3874"}],"wp:attachment":[{"href":"https:\/\/elregionaldigital.info\/index.php?rest_route=%2Fwp%2Fv2%2Fmedia&parent=3873"}],"wp:term":[{"taxonomy":"category","embeddable":true,"href":"https:\/\/elregionaldigital.info\/index.php?rest_route=%2Fwp%2Fv2%2Fcategories&post=3873"},{"taxonomy":"post_tag","embeddable":true,"href":"https:\/\/elregionaldigital.info\/index.php?rest_route=%2Fwp%2Fv2%2Ftags&post=3873"}],"curies":[{"name":"wp","href":"https:\/\/api.w.org\/{rel}","templated":true}]}}