{"id":3870,"date":"2024-11-30T15:01:00","date_gmt":"2024-11-30T15:01:00","guid":{"rendered":"https:\/\/elregionaldigital.info\/?p=3870"},"modified":"2024-12-02T15:01:28","modified_gmt":"2024-12-02T15:01:28","slug":"enciende-la-uat-el-espiritu-navideno-en-el-mante","status":"publish","type":"post","link":"https:\/\/elregionaldigital.info\/?p=3870","title":{"rendered":"Enciende la UAT el esp\u00edritu navide\u00f1o en El Mante"},"content":{"rendered":"\n<p>La Universidad Aut\u00f3noma de Tamaulipas (UAT) celebr\u00f3 en Ciudad Mante el<br>Desfile Navide\u00f1o y el tradicional encendido del \u00e1rbol de Navidad en un entusiasta<br>ambiente de la comunidad universitaria y de la poblaci\u00f3n de esta regi\u00f3n del estado<br>que se congregaron en torno al evento \u201cUnidos por la Navidad 2024\u201d.<br>El evento cont\u00f3 con la participaci\u00f3n de estudiantes y docentes de los seis<br>programas educativos de la Unidad Acad\u00e9mica Multidisciplinaria Mante (UAM<br>Mante), quienes, junto con la Marching Band y estudiantes de la Escuela<br>Preparatoria Mante, llenaron de m\u00fasica y color las principales calles de esta<br>ciudad tamaulipeca.<br>Cientos de familias del municipio se sumaron al recorrido que culmin\u00f3<br>frente a las instalaciones universitarias con el emotivo encendido del \u00e1rbol<br>navide\u00f1o, s\u00edmbolo de unidad, celebraci\u00f3n y esperanza compartida.<br>Las actividades fueron presididas por el Director de la UAM Mante, Jos\u00e9<br>Reyna Tinajero, quien estuvo acompa\u00f1ado por la presidenta municipal Martha<br>Patricia Ch\u00edo de la Garza, la directora de la Escuela Preparatoria Mante, Mar\u00eda del<br>Pilar Garza Aguilar, y el director del Gimnasio Multidisciplinario de la UAT en esta<br>ciudad, H\u00e9ctor Aguirre Ledezma.<br>El director del plantel universitario destac\u00f3 la importancia de estas<br>celebraciones como un reflejo del compromiso institucional con la comunidad, y la<br>visi\u00f3n del rector de la UAT D\u00e1maso Anaya Alvarado por proyectar los valores<br>humanistas y transformadores que gu\u00edan a la universidad.<br>Por su parte, la presidenta municipal de El Mante, Martha Patricia Ch\u00edo<br>reconoci\u00f3 el esfuerzo de la UAT por organizar eventos que impactan<br>positivamente en la sociedad al fomentar la convivencia, la unidad y el<br>fortalecimiento de los lazos comunitarios, que son fundamentales para construir un<br>mejor futuro para todos.<\/p>\n","protected":false},"excerpt":{"rendered":"<p>La Universidad Aut\u00f3noma de Tamaulipas (UAT) celebr\u00f3 en Ciudad Mante elDesfile Navide\u00f1o y el tradicional encendido del \u00e1rbol de Navidad en un entusiastaambiente de la comunidad universitaria y de la poblaci\u00f3n de esta regi\u00f3n del estadoque se congregaron en torno al evento \u201cUnidos por la Navidad 2024\u201d.El evento cont\u00f3 con la participaci\u00f3n de estudiantes y [&hellip;]<\/p>\n","protected":false},"author":1,"featured_media":3871,"comment_status":"open","ping_status":"open","sticky":false,"template":"","format":"standard","meta":{"footnotes":""},"categories":[4],"tags":[],"class_list":["post-3870","post","type-post","status-publish","format-standard","has-post-thumbnail","hentry","category-universidades"],"blog_post_layout_featured_media_urls":{"thumbnail":["https:\/\/elregionaldigital.info\/wp-content\/uploads\/2024\/12\/2-150x150.jpg",150,150,true],"full":["https:\/\/elregionaldigital.info\/wp-content\/uploads\/2024\/12\/2-scaled.jpg",2560,1696,false]},"categories_names":{"4":{"name":"Universidades","link":"https:\/\/elregionaldigital.info\/?cat=4"}},"tags_names":[],"comments_number":"0","wpmagazine_modules_lite_featured_media_urls":{"thumbnail":["https:\/\/elregionaldigital.info\/wp-content\/uploads\/2024\/12\/2-150x150.jpg",150,150,true],"cvmm-medium":["https:\/\/elregionaldigital.info\/wp-content\/uploads\/2024\/12\/2-300x300.jpg",300,300,true],"cvmm-medium-plus":["https:\/\/elregionaldigital.info\/wp-content\/uploads\/2024\/12\/2-305x207.jpg",305,207,true],"cvmm-portrait":["https:\/\/elregionaldigital.info\/wp-content\/uploads\/2024\/12\/2-400x600.jpg",400,600,true],"cvmm-medium-square":["https:\/\/elregionaldigital.info\/wp-content\/uploads\/2024\/12\/2-600x600.jpg",600,600,true],"cvmm-large":["https:\/\/elregionaldigital.info\/wp-content\/uploads\/2024\/12\/2-1024x1024.jpg",1024,1024,true],"cvmm-small":["https:\/\/elregionaldigital.info\/wp-content\/uploads\/2024\/12\/2-130x95.jpg",130,95,true],"full":["https:\/\/elregionaldigital.info\/wp-content\/uploads\/2024\/12\/2-scaled.jpg",2560,1696,false]},"_links":{"self":[{"href":"https:\/\/elregionaldigital.info\/index.php?rest_route=\/wp\/v2\/posts\/3870","targetHints":{"allow":["GET"]}}],"collection":[{"href":"https:\/\/elregionaldigital.info\/index.php?rest_route=\/wp\/v2\/posts"}],"about":[{"href":"https:\/\/elregionaldigital.info\/index.php?rest_route=\/wp\/v2\/types\/post"}],"author":[{"embeddable":true,"href":"https:\/\/elregionaldigital.info\/index.php?rest_route=\/wp\/v2\/users\/1"}],"replies":[{"embeddable":true,"href":"https:\/\/elregionaldigital.info\/index.php?rest_route=%2Fwp%2Fv2%2Fcomments&post=3870"}],"version-history":[{"count":1,"href":"https:\/\/elregionaldigital.info\/index.php?rest_route=\/wp\/v2\/posts\/3870\/revisions"}],"predecessor-version":[{"id":3872,"href":"https:\/\/elregionaldigital.info\/index.php?rest_route=\/wp\/v2\/posts\/3870\/revisions\/3872"}],"wp:featuredmedia":[{"embeddable":true,"href":"https:\/\/elregionaldigital.info\/index.php?rest_route=\/wp\/v2\/media\/3871"}],"wp:attachment":[{"href":"https:\/\/elregionaldigital.info\/index.php?rest_route=%2Fwp%2Fv2%2Fmedia&parent=3870"}],"wp:term":[{"taxonomy":"category","embeddable":true,"href":"https:\/\/elregionaldigital.info\/index.php?rest_route=%2Fwp%2Fv2%2Fcategories&post=3870"},{"taxonomy":"post_tag","embeddable":true,"href":"https:\/\/elregionaldigital.info\/index.php?rest_route=%2Fwp%2Fv2%2Ftags&post=3870"}],"curies":[{"name":"wp","href":"https:\/\/api.w.org\/{rel}","templated":true}]}}