{"id":3867,"date":"2024-11-30T14:43:25","date_gmt":"2024-11-30T14:43:25","guid":{"rendered":"https:\/\/elregionaldigital.info\/?p=3867"},"modified":"2024-12-02T14:57:33","modified_gmt":"2024-12-02T14:57:33","slug":"celebra-la-uat-con-gran-exito-etapa-estatal-de-la-copa-tamaulipas-2024","status":"publish","type":"post","link":"https:\/\/elregionaldigital.info\/?p=3867","title":{"rendered":"Celebra la UAT con gran \u00e9xito etapa estatal de la Copa Tamaulipas 2024"},"content":{"rendered":"\n<p>El rector de la Universidad Aut\u00f3noma de Tamaulipas (UAT), D\u00e1maso Anaya<br>Alvarado, inaugur\u00f3 la etapa final del torneo de f\u00fatbol Copa UAT Tamaulipas, en un<br>magno evento deportivo que re\u00fane a m\u00e1s de 1 mil 500 ni\u00f1os y j\u00f3venes de<br>diferentes municipios del estado.<br>Teniendo como escenario el Estadio Ol\u00edmpico Universitario Eugenio<br>Alvizo Porras, el rector D\u00e1maso Anaya dio la bienvenida a los deportistas y a sus<br>familias destacando que con estos espacios la UAT refrenda su compromiso de<br>trabajar de manera permanente en la generaci\u00f3n de programas que sirvan a la<br>ni\u00f1ez y a la juventud tamaulipeca para desarrollarse en ambientes sanos.<br>Se\u00f1al\u00f3 que en el torneo participan 76 equipos de municipios como:<br>Nuevo Laredo, Reynosa, Matamoros, Valle Hermoso, Tampico, Ciudad Mante y<br>Ciudad Victoria, adem\u00e1s de otras localidades que se han sumado con entusiasmo<br>a este encuentro deportivo.&nbsp;<br>Asimismo, reiter\u00f3 la voluntad de la universidad por seguir abriendo<br>espacios para la recreaci\u00f3n y el sano esparcimiento de la sociedad tamaulipeca,<br>conscientes de que con estas acciones, la UAT contribuye al engrandecimiento de<br>la entidad.<br>Por su parte, el secretario de Vinculaci\u00f3n de la UAT, Rogelio de Jes\u00fas<br>Ram\u00edrez Flores, agradeci\u00f3 a los padres de familia por confiar en la universidad y<br>apoyar a sus hijos en su participaci\u00f3n en la primera Copa UAT Tamaulipas.<br>Posteriormente, el juramento deportivo estuvo a cargo de Ivana<br>Rodr\u00edguez Amaro de la Academia Tigres Mante, y se cont\u00f3 con la presentaci\u00f3n<br>art\u00edstica del grupo infantil de danza folkl\u00f3rica de Cultura y Arte de la UAT.<\/p>\n\n\n\n<p>Al evento asisti\u00f3 el presidente del Club de Futbol Correcaminos, Javier<br>Armando Garibaldi de la Teja as\u00ed como funcionarios de la administraci\u00f3n central de<br>la UAT.<\/p>\n","protected":false},"excerpt":{"rendered":"<p>El rector de la Universidad Aut\u00f3noma de Tamaulipas (UAT), D\u00e1maso AnayaAlvarado, inaugur\u00f3 la etapa final del torneo de f\u00fatbol Copa UAT Tamaulipas, en unmagno evento deportivo que re\u00fane a m\u00e1s de 1 mil 500 ni\u00f1os y j\u00f3venes dediferentes municipios del estado.Teniendo como escenario el Estadio Ol\u00edmpico Universitario EugenioAlvizo Porras, el rector D\u00e1maso Anaya dio la [&hellip;]<\/p>\n","protected":false},"author":1,"featured_media":3868,"comment_status":"open","ping_status":"open","sticky":false,"template":"","format":"standard","meta":{"footnotes":""},"categories":[6,4],"tags":[],"class_list":["post-3867","post","type-post","status-publish","format-standard","has-post-thumbnail","hentry","category-deportes","category-universidades"],"blog_post_layout_featured_media_urls":{"thumbnail":["https:\/\/elregionaldigital.info\/wp-content\/uploads\/2024\/12\/i05-150x150.jpg",150,150,true],"full":["https:\/\/elregionaldigital.info\/wp-content\/uploads\/2024\/12\/i05.jpg",1600,1066,false]},"categories_names":{"6":{"name":"Deportes","link":"https:\/\/elregionaldigital.info\/?cat=6"},"4":{"name":"Universidades","link":"https:\/\/elregionaldigital.info\/?cat=4"}},"tags_names":[],"comments_number":"0","wpmagazine_modules_lite_featured_media_urls":{"thumbnail":["https:\/\/elregionaldigital.info\/wp-content\/uploads\/2024\/12\/i05-150x150.jpg",150,150,true],"cvmm-medium":["https:\/\/elregionaldigital.info\/wp-content\/uploads\/2024\/12\/i05-300x300.jpg",300,300,true],"cvmm-medium-plus":["https:\/\/elregionaldigital.info\/wp-content\/uploads\/2024\/12\/i05-305x207.jpg",305,207,true],"cvmm-portrait":["https:\/\/elregionaldigital.info\/wp-content\/uploads\/2024\/12\/i05-400x600.jpg",400,600,true],"cvmm-medium-square":["https:\/\/elregionaldigital.info\/wp-content\/uploads\/2024\/12\/i05-600x600.jpg",600,600,true],"cvmm-large":["https:\/\/elregionaldigital.info\/wp-content\/uploads\/2024\/12\/i05-1024x1024.jpg",1024,1024,true],"cvmm-small":["https:\/\/elregionaldigital.info\/wp-content\/uploads\/2024\/12\/i05-130x95.jpg",130,95,true],"full":["https:\/\/elregionaldigital.info\/wp-content\/uploads\/2024\/12\/i05.jpg",1600,1066,false]},"_links":{"self":[{"href":"https:\/\/elregionaldigital.info\/index.php?rest_route=\/wp\/v2\/posts\/3867","targetHints":{"allow":["GET"]}}],"collection":[{"href":"https:\/\/elregionaldigital.info\/index.php?rest_route=\/wp\/v2\/posts"}],"about":[{"href":"https:\/\/elregionaldigital.info\/index.php?rest_route=\/wp\/v2\/types\/post"}],"author":[{"embeddable":true,"href":"https:\/\/elregionaldigital.info\/index.php?rest_route=\/wp\/v2\/users\/1"}],"replies":[{"embeddable":true,"href":"https:\/\/elregionaldigital.info\/index.php?rest_route=%2Fwp%2Fv2%2Fcomments&post=3867"}],"version-history":[{"count":1,"href":"https:\/\/elregionaldigital.info\/index.php?rest_route=\/wp\/v2\/posts\/3867\/revisions"}],"predecessor-version":[{"id":3869,"href":"https:\/\/elregionaldigital.info\/index.php?rest_route=\/wp\/v2\/posts\/3867\/revisions\/3869"}],"wp:featuredmedia":[{"embeddable":true,"href":"https:\/\/elregionaldigital.info\/index.php?rest_route=\/wp\/v2\/media\/3868"}],"wp:attachment":[{"href":"https:\/\/elregionaldigital.info\/index.php?rest_route=%2Fwp%2Fv2%2Fmedia&parent=3867"}],"wp:term":[{"taxonomy":"category","embeddable":true,"href":"https:\/\/elregionaldigital.info\/index.php?rest_route=%2Fwp%2Fv2%2Fcategories&post=3867"},{"taxonomy":"post_tag","embeddable":true,"href":"https:\/\/elregionaldigital.info\/index.php?rest_route=%2Fwp%2Fv2%2Ftags&post=3867"}],"curies":[{"name":"wp","href":"https:\/\/api.w.org\/{rel}","templated":true}]}}