{"id":3864,"date":"2024-11-29T03:50:57","date_gmt":"2024-11-29T03:50:57","guid":{"rendered":"https:\/\/elregionaldigital.info\/?p=3864"},"modified":"2024-12-01T03:51:37","modified_gmt":"2024-12-01T03:51:37","slug":"entrega-rector-el-premio-investigacion-de-excelencia-a-profesor-de-la-fic-uat","status":"publish","type":"post","link":"https:\/\/elregionaldigital.info\/?p=3864","title":{"rendered":"Entrega rector el premio Investigaci\u00f3n de Excelencia a profesor de la FIC-UAT"},"content":{"rendered":"\n<p><\/p>\n\n\n\n<p>El rector de la Universidad Aut\u00f3noma de Tamaulipas (UAT), D\u00e1maso Anaya<br>Alvarado, reconoci\u00f3 al Dr. Edgar Tello Leal, investigador de la Facultad de<br>Ingenier\u00eda y Ciencias (FIC), con el Premio Universitario 2024 \u201cGeneral y Lic.<br>Bernardo L\u00f3pez Garc\u00eda\u201d en la Categor\u00eda Investigaci\u00f3n de Excelencia.<br>El premio se entreg\u00f3 en el marco de la Asamblea de Reconocimiento al<br>M\u00e9rito Universitario, con lo cual, la UAT reconoce la aportaci\u00f3n cient\u00edfica de sus<br>docentes e investigadores.<br>El galard\u00f3n fue otorgado al Dr. Tello Leal por su proyecto \u201cPredicci\u00f3n de<br>la concentraci\u00f3n de material particulado (PM2.5) mediante una red neuronal<br>artificial\u201d, que tiene como finalidad desarrollar un modelo de predicci\u00f3n de la<br>contaminaci\u00f3n del aire en Tampico.<br>El docente e investigador es doctorado por la Universidad Tecnol\u00f3gica<br>Nacional de Argentina, y Nivel I del Sistema Nacional de Investigadoras e<br>Investigadores (SNII) del Consejo Nacional de Humanidades, Ciencias y<br>Tecnolog\u00edas (CONAHCYT).<br>Entre los temas de investigaci\u00f3n que trabaja, est\u00e1n Miner\u00eda de datos,<br>Miner\u00eda de procesos, Gesti\u00f3n de procesos de negocio y Desarrollo de software.<br>Es l\u00edder del Cuerpo Acad\u00e9mico Ciencia de Datos, que tiene como l\u00edneas<br>de investigaci\u00f3n la Gesti\u00f3n de Datos y Aplicaciones a la Ingenier\u00eda; as\u00ed como<br>Miner\u00eda de Datos. Tambi\u00e9n ha generado art\u00edculos acad\u00e9micos divulgados en<br>publicaciones de car\u00e1cter cient\u00edfico nacionales e internacionales.<br>Al recibir este premio, el Dr. Edgar Tello Leal agradeci\u00f3 a la UAT el apoyo<br>para realizar este tipo de proyectos, que son importantes para contribuir en el<br>desarrollo econ\u00f3mico y en los estudios para la protecci\u00f3n medioambiental de las<br>zonas urbanas de Tamaulipas.<\/p>\n\n\n\n<p>Sostuvo que gracias a la gesti\u00f3n del rector D\u00e1maso Anaya, ha sido<br>posible incursionar en proyectos relevantes para la sociedad, con los cuales, la<br>UAT refrenda su compromiso con la sociedad y con el bienestar de los<br>tamaulipecos.<\/p>\n","protected":false},"excerpt":{"rendered":"<p>El rector de la Universidad Aut\u00f3noma de Tamaulipas (UAT), D\u00e1maso AnayaAlvarado, reconoci\u00f3 al Dr. Edgar Tello Leal, investigador de la Facultad deIngenier\u00eda y Ciencias (FIC), con el Premio Universitario 2024 \u201cGeneral y Lic.Bernardo L\u00f3pez Garc\u00eda\u201d en la Categor\u00eda Investigaci\u00f3n de Excelencia.El premio se entreg\u00f3 en el marco de la Asamblea de Reconocimiento alM\u00e9rito Universitario, con [&hellip;]<\/p>\n","protected":false},"author":1,"featured_media":3865,"comment_status":"open","ping_status":"open","sticky":false,"template":"","format":"standard","meta":{"footnotes":""},"categories":[4],"tags":[],"class_list":["post-3864","post","type-post","status-publish","format-standard","has-post-thumbnail","hentry","category-universidades"],"blog_post_layout_featured_media_urls":{"thumbnail":["https:\/\/elregionaldigital.info\/wp-content\/uploads\/2024\/12\/1-1-150x150.jpg",150,150,true],"full":["https:\/\/elregionaldigital.info\/wp-content\/uploads\/2024\/12\/1-1-scaled.jpg",2560,1707,false]},"categories_names":{"4":{"name":"Universidades","link":"https:\/\/elregionaldigital.info\/?cat=4"}},"tags_names":[],"comments_number":"0","wpmagazine_modules_lite_featured_media_urls":{"thumbnail":["https:\/\/elregionaldigital.info\/wp-content\/uploads\/2024\/12\/1-1-150x150.jpg",150,150,true],"cvmm-medium":["https:\/\/elregionaldigital.info\/wp-content\/uploads\/2024\/12\/1-1-300x300.jpg",300,300,true],"cvmm-medium-plus":["https:\/\/elregionaldigital.info\/wp-content\/uploads\/2024\/12\/1-1-305x207.jpg",305,207,true],"cvmm-portrait":["https:\/\/elregionaldigital.info\/wp-content\/uploads\/2024\/12\/1-1-400x600.jpg",400,600,true],"cvmm-medium-square":["https:\/\/elregionaldigital.info\/wp-content\/uploads\/2024\/12\/1-1-600x600.jpg",600,600,true],"cvmm-large":["https:\/\/elregionaldigital.info\/wp-content\/uploads\/2024\/12\/1-1-scaled.jpg",1024,683,false],"cvmm-small":["https:\/\/elregionaldigital.info\/wp-content\/uploads\/2024\/12\/1-1-scaled.jpg",130,87,false],"full":["https:\/\/elregionaldigital.info\/wp-content\/uploads\/2024\/12\/1-1-scaled.jpg",2560,1707,false]},"_links":{"self":[{"href":"https:\/\/elregionaldigital.info\/index.php?rest_route=\/wp\/v2\/posts\/3864","targetHints":{"allow":["GET"]}}],"collection":[{"href":"https:\/\/elregionaldigital.info\/index.php?rest_route=\/wp\/v2\/posts"}],"about":[{"href":"https:\/\/elregionaldigital.info\/index.php?rest_route=\/wp\/v2\/types\/post"}],"author":[{"embeddable":true,"href":"https:\/\/elregionaldigital.info\/index.php?rest_route=\/wp\/v2\/users\/1"}],"replies":[{"embeddable":true,"href":"https:\/\/elregionaldigital.info\/index.php?rest_route=%2Fwp%2Fv2%2Fcomments&post=3864"}],"version-history":[{"count":1,"href":"https:\/\/elregionaldigital.info\/index.php?rest_route=\/wp\/v2\/posts\/3864\/revisions"}],"predecessor-version":[{"id":3866,"href":"https:\/\/elregionaldigital.info\/index.php?rest_route=\/wp\/v2\/posts\/3864\/revisions\/3866"}],"wp:featuredmedia":[{"embeddable":true,"href":"https:\/\/elregionaldigital.info\/index.php?rest_route=\/wp\/v2\/media\/3865"}],"wp:attachment":[{"href":"https:\/\/elregionaldigital.info\/index.php?rest_route=%2Fwp%2Fv2%2Fmedia&parent=3864"}],"wp:term":[{"taxonomy":"category","embeddable":true,"href":"https:\/\/elregionaldigital.info\/index.php?rest_route=%2Fwp%2Fv2%2Fcategories&post=3864"},{"taxonomy":"post_tag","embeddable":true,"href":"https:\/\/elregionaldigital.info\/index.php?rest_route=%2Fwp%2Fv2%2Ftags&post=3864"}],"curies":[{"name":"wp","href":"https:\/\/api.w.org\/{rel}","templated":true}]}}