{"id":3858,"date":"2024-11-27T04:09:38","date_gmt":"2024-11-27T04:09:38","guid":{"rendered":"https:\/\/elregionaldigital.info\/?p=3858"},"modified":"2024-11-28T04:10:06","modified_gmt":"2024-11-28T04:10:06","slug":"apoyara-la-uat-a-familias-vulnerables-en-la-temporada-invernal","status":"publish","type":"post","link":"https:\/\/elregionaldigital.info\/?p=3858","title":{"rendered":"Apoyar\u00e1 la UAT a familias vulnerables en la temporada invernal"},"content":{"rendered":"\n<p><br><br>Mediante la Colecta Universitaria de Cobijas 2024 \u201cAbrigando un Amigo\u201d, la<br>Universidad Aut\u00f3noma de Tamaulipas (UAT) ha reunido la colaboraci\u00f3n de todas<br>sus dependencias acad\u00e9micas y administrativas para apoyar durante la temporada<br>invernal a las familias m\u00e1s vulnerables en las distintas comunidades del estado.<br>El rector, D\u00e1maso Anaya Alvarado, acompa\u00f1ado de su esposa, Isolda<br>Rend\u00f3n de Anaya, presidenta de Familia UAT, expres\u00f3 su felicitaci\u00f3n a todas las<br>dependencias universitarias por su participaci\u00f3n en esta jornada, en la cual la casa<br>de estudios reafirma su compromiso institucional con las causas m\u00e1s sensibles de<br>la sociedad.<br>En su visita al Centro Universitario Sur, donde presidi\u00f3 la entrega de<br>donativos de las facultades del Campus Tampico, el rector destac\u00f3 la importancia<br>de esta iniciativa como una muestra de la solidaridad y sentido humanista que<br>caracteriza a la UAT, subrayando que no solo es un gesto de ayuda, sino una<br>representaci\u00f3n de los valores que sustentan a la Universidad.<br>La colecta realizada durante el mes de noviembre recaud\u00f3 alrededor de<br>tres mil doscientas piezas que ser\u00e1n distribuidas a las familias y a la poblaci\u00f3n que<br>m\u00e1s necesita de este apoyo en las colonias populares, ejidos y comunidades<br>rurales, con el objetivo de atenuar las dificultades durante la temporada invernal.<br>D\u00e1maso Anaya agradeci\u00f3 a estudiantes, docentes y personal<br>administrativo, as\u00ed como a la sociedad en general por su colaboraci\u00f3n en estas<br>jornadas, destacando que su generosidad hace posible brindar apoyo a quienes<br>m\u00e1s lo necesitan.<br>Organizada por Familia UAT, en colaboraci\u00f3n con la Secretar\u00eda de Gesti\u00f3n<br>Escolar, mediante la Direcci\u00f3n de Humanismo Social, la colecta reuni\u00f3 a las<br>distintas facultades, unidades acad\u00e9micas, escuelas y dependencias universitarias<br>de las zonas norte, centro y sur del estado, las cuales se sumaron a esta<\/p>\n\n\n\n<p>campa\u00f1a, desarrollada del 4 al 21 de noviembre, mediante una red de centros de<br>acopio estrat\u00e9gicamente ubicados en las distintas sedes universitarias.<\/p>\n","protected":false},"excerpt":{"rendered":"<p>Mediante la Colecta Universitaria de Cobijas 2024 \u201cAbrigando un Amigo\u201d, laUniversidad Aut\u00f3noma de Tamaulipas (UAT) ha reunido la colaboraci\u00f3n de todassus dependencias acad\u00e9micas y administrativas para apoyar durante la temporadainvernal a las familias m\u00e1s vulnerables en las distintas comunidades del estado.El rector, D\u00e1maso Anaya Alvarado, acompa\u00f1ado de su esposa, IsoldaRend\u00f3n de Anaya, presidenta de Familia [&hellip;]<\/p>\n","protected":false},"author":1,"featured_media":3859,"comment_status":"open","ping_status":"open","sticky":false,"template":"","format":"standard","meta":{"footnotes":""},"categories":[4],"tags":[],"class_list":["post-3858","post","type-post","status-publish","format-standard","has-post-thumbnail","hentry","category-universidades"],"blog_post_layout_featured_media_urls":{"thumbnail":["https:\/\/elregionaldigital.info\/wp-content\/uploads\/2024\/11\/f001-150x150.jpg",150,150,true],"full":["https:\/\/elregionaldigital.info\/wp-content\/uploads\/2024\/11\/f001.jpg",2560,1706,false]},"categories_names":{"4":{"name":"Universidades","link":"https:\/\/elregionaldigital.info\/?cat=4"}},"tags_names":[],"comments_number":"0","wpmagazine_modules_lite_featured_media_urls":{"thumbnail":["https:\/\/elregionaldigital.info\/wp-content\/uploads\/2024\/11\/f001-150x150.jpg",150,150,true],"cvmm-medium":["https:\/\/elregionaldigital.info\/wp-content\/uploads\/2024\/11\/f001-300x300.jpg",300,300,true],"cvmm-medium-plus":["https:\/\/elregionaldigital.info\/wp-content\/uploads\/2024\/11\/f001-305x207.jpg",305,207,true],"cvmm-portrait":["https:\/\/elregionaldigital.info\/wp-content\/uploads\/2024\/11\/f001-400x600.jpg",400,600,true],"cvmm-medium-square":["https:\/\/elregionaldigital.info\/wp-content\/uploads\/2024\/11\/f001-600x600.jpg",600,600,true],"cvmm-large":["https:\/\/elregionaldigital.info\/wp-content\/uploads\/2024\/11\/f001-1024x1024.jpg",1024,1024,true],"cvmm-small":["https:\/\/elregionaldigital.info\/wp-content\/uploads\/2024\/11\/f001-130x95.jpg",130,95,true],"full":["https:\/\/elregionaldigital.info\/wp-content\/uploads\/2024\/11\/f001.jpg",2560,1706,false]},"_links":{"self":[{"href":"https:\/\/elregionaldigital.info\/index.php?rest_route=\/wp\/v2\/posts\/3858","targetHints":{"allow":["GET"]}}],"collection":[{"href":"https:\/\/elregionaldigital.info\/index.php?rest_route=\/wp\/v2\/posts"}],"about":[{"href":"https:\/\/elregionaldigital.info\/index.php?rest_route=\/wp\/v2\/types\/post"}],"author":[{"embeddable":true,"href":"https:\/\/elregionaldigital.info\/index.php?rest_route=\/wp\/v2\/users\/1"}],"replies":[{"embeddable":true,"href":"https:\/\/elregionaldigital.info\/index.php?rest_route=%2Fwp%2Fv2%2Fcomments&post=3858"}],"version-history":[{"count":1,"href":"https:\/\/elregionaldigital.info\/index.php?rest_route=\/wp\/v2\/posts\/3858\/revisions"}],"predecessor-version":[{"id":3860,"href":"https:\/\/elregionaldigital.info\/index.php?rest_route=\/wp\/v2\/posts\/3858\/revisions\/3860"}],"wp:featuredmedia":[{"embeddable":true,"href":"https:\/\/elregionaldigital.info\/index.php?rest_route=\/wp\/v2\/media\/3859"}],"wp:attachment":[{"href":"https:\/\/elregionaldigital.info\/index.php?rest_route=%2Fwp%2Fv2%2Fmedia&parent=3858"}],"wp:term":[{"taxonomy":"category","embeddable":true,"href":"https:\/\/elregionaldigital.info\/index.php?rest_route=%2Fwp%2Fv2%2Fcategories&post=3858"},{"taxonomy":"post_tag","embeddable":true,"href":"https:\/\/elregionaldigital.info\/index.php?rest_route=%2Fwp%2Fv2%2Ftags&post=3858"}],"curies":[{"name":"wp","href":"https:\/\/api.w.org\/{rel}","templated":true}]}}