{"id":3852,"date":"2024-11-25T18:29:43","date_gmt":"2024-11-25T18:29:43","guid":{"rendered":"https:\/\/elregionaldigital.info\/?p=3852"},"modified":"2024-11-26T18:30:35","modified_gmt":"2024-11-26T18:30:35","slug":"entrega-damaso-anaya-reconocimientos-al-merito-universitario-2024","status":"publish","type":"post","link":"https:\/\/elregionaldigital.info\/?p=3852","title":{"rendered":"Entrega D\u00e1maso Anaya reconocimientos al m\u00e9rito universitario 2024"},"content":{"rendered":"\n<p><\/p>\n\n\n\n<p>Con el firme compromiso de incentivar la trayectoria laboral y docente, la<br>excelencia acad\u00e9mica y el desarrollo de la investigaci\u00f3n en la Universidad<br>Aut\u00f3noma de Tamaulipas (UAT), el rector D\u00e1maso Anaya Alvarado presidi\u00f3 la<br>entrega del Reconocimiento al M\u00e9rito Universitario 2024.<br>En el marco de Asamblea Ordinaria Solemne, celebrada en el Teatro<br>Amalia G. de Castillo Led\u00f3n, se reconoci\u00f3 el esfuerzo y la dedicaci\u00f3n de 193<br>galardonados en diversas categor\u00edas; adem\u00e1s, por primera vez, 20 estudiantes<br>recibieron la Beca por Labor Humanista, una distinci\u00f3n que ha sido instituida, a<br>partir de este a\u00f1o, para premiar a la juventud universitaria que se destaca por<br>ejercer los valores de la generosidad, la solidaridad, el respeto y el bien com\u00fan.<br>D\u00e1maso Anaya destac\u00f3 que este homenaje es testimonio del esp\u00edritu<br>humanista que dirige a la UAT, resaltando que no solo se busca formar<br>profesionistas, sino tambi\u00e9n l\u00edderes comprometidos con el bienestar de la<br>sociedad y el desarrollo de Tamaulipas.<br>Asimismo, reiter\u00f3 el compromiso de la UAT por seguir fomentando una<br>educaci\u00f3n de calidad basada en valores y destac\u00f3 que estos logros son un reflejo<br>del esfuerzo colectivo y del modelo educativo que reafirma el liderazgo de la<br>Universidad en el estado.<br>Finalmente, invit\u00f3 a los galardonados y a toda la comunidad universitaria a<br>seguir trabajando con pasi\u00f3n y dedicaci\u00f3n para contribuir al desarrollo de<br>Tamaulipas y M\u00e9xico.<\/p>\n\n\n\n<p>En la categor\u00eda de docentes, se entregaron 20 reconocimientos al Premio<br>Extraordinario al M\u00e9rito Universitario; 36 al Premio al M\u00e9rito Universitario; y 17<\/p>\n\n\n\n<p>medallas Miguel Asomoza Arronte, a profesores em\u00e9ritos cuya trayectoria y<br>aportaciones han dejado un impacto duradero en la comunidad universitaria.<br>En el rubro estudiantil, 59 j\u00f3venes fueron reconocidos por sus logros<br>acad\u00e9micos y su compromiso con los valores universitarios. La Medalla Francisco<br>T. Villarreal fue otorgada a 39 estudiantes por su excelencia en el desempe\u00f1o<br>acad\u00e9mico.<br>El personal administrativo tambi\u00e9n tuvo un lugar destacado en esta<br>ceremonia, en la que 20 trabajadores fueron homenajeados con la Medalla Alfredo<br>E. Gochicoa.<br>Tambi\u00e9n se reconoci\u00f3 a 136 estudiantes de bachillerato, t\u00e9cnico superior<br>universitario y licenciatura que alcanzaron un promedio general de 10, lo que los<br>hizo merecedores de becas de excelencia acad\u00e9mica. Estas fueron entregadas a<br>trav\u00e9s de los directores de sus respectivas facultades, unidades acad\u00e9micas y<br>preparatorias. Adem\u00e1s, se otorgaron 534 est\u00edmulos econ\u00f3micos a los promedios<br>m\u00e1s altos de cada grado y programa, destacando el esfuerzo y dedicaci\u00f3n de los<br>estudiantes.<br>Y, fortaleciendo el compromiso de la UAT con el avance del conocimiento<br>y la innovaci\u00f3n en diversas \u00e1reas, se entregaron 39 premios a los mejores trabajos<br>de tesis en licenciatura, posgrado, maestr\u00eda y doctorado.<br>De igual modo, a la Investigaci\u00f3n de Excelencia con el Premio de Ciencias<br>\u201cGral. y Lic. Bernardo L\u00f3pez Garc\u00eda\u201d y el Premio Investigadora Joven \u201cDr. Norberto<br>Trevi\u00f1o Zapata\u201d, otorgado a la Dra. Idolina Bernal Gonz\u00e1lez.<\/p>\n","protected":false},"excerpt":{"rendered":"<p>Con el firme compromiso de incentivar la trayectoria laboral y docente, laexcelencia acad\u00e9mica y el desarrollo de la investigaci\u00f3n en la UniversidadAut\u00f3noma de Tamaulipas (UAT), el rector D\u00e1maso Anaya Alvarado presidi\u00f3 laentrega del Reconocimiento al M\u00e9rito Universitario 2024.En el marco de Asamblea Ordinaria Solemne, celebrada en el TeatroAmalia G. de Castillo Led\u00f3n, se reconoci\u00f3 el [&hellip;]<\/p>\n","protected":false},"author":1,"featured_media":3853,"comment_status":"open","ping_status":"open","sticky":false,"template":"","format":"standard","meta":{"footnotes":""},"categories":[4],"tags":[],"class_list":["post-3852","post","type-post","status-publish","format-standard","has-post-thumbnail","hentry","category-universidades"],"blog_post_layout_featured_media_urls":{"thumbnail":["https:\/\/elregionaldigital.info\/wp-content\/uploads\/2024\/11\/7-150x150.jpg",150,150,true],"full":["https:\/\/elregionaldigital.info\/wp-content\/uploads\/2024\/11\/7-scaled.jpg",2560,1707,false]},"categories_names":{"4":{"name":"Universidades","link":"https:\/\/elregionaldigital.info\/?cat=4"}},"tags_names":[],"comments_number":"0","wpmagazine_modules_lite_featured_media_urls":{"thumbnail":["https:\/\/elregionaldigital.info\/wp-content\/uploads\/2024\/11\/7-150x150.jpg",150,150,true],"cvmm-medium":["https:\/\/elregionaldigital.info\/wp-content\/uploads\/2024\/11\/7-300x300.jpg",300,300,true],"cvmm-medium-plus":["https:\/\/elregionaldigital.info\/wp-content\/uploads\/2024\/11\/7-305x207.jpg",305,207,true],"cvmm-portrait":["https:\/\/elregionaldigital.info\/wp-content\/uploads\/2024\/11\/7-400x600.jpg",400,600,true],"cvmm-medium-square":["https:\/\/elregionaldigital.info\/wp-content\/uploads\/2024\/11\/7-600x600.jpg",600,600,true],"cvmm-large":["https:\/\/elregionaldigital.info\/wp-content\/uploads\/2024\/11\/7-1024x1024.jpg",1024,1024,true],"cvmm-small":["https:\/\/elregionaldigital.info\/wp-content\/uploads\/2024\/11\/7-130x95.jpg",130,95,true],"full":["https:\/\/elregionaldigital.info\/wp-content\/uploads\/2024\/11\/7-scaled.jpg",2560,1707,false]},"_links":{"self":[{"href":"https:\/\/elregionaldigital.info\/index.php?rest_route=\/wp\/v2\/posts\/3852","targetHints":{"allow":["GET"]}}],"collection":[{"href":"https:\/\/elregionaldigital.info\/index.php?rest_route=\/wp\/v2\/posts"}],"about":[{"href":"https:\/\/elregionaldigital.info\/index.php?rest_route=\/wp\/v2\/types\/post"}],"author":[{"embeddable":true,"href":"https:\/\/elregionaldigital.info\/index.php?rest_route=\/wp\/v2\/users\/1"}],"replies":[{"embeddable":true,"href":"https:\/\/elregionaldigital.info\/index.php?rest_route=%2Fwp%2Fv2%2Fcomments&post=3852"}],"version-history":[{"count":1,"href":"https:\/\/elregionaldigital.info\/index.php?rest_route=\/wp\/v2\/posts\/3852\/revisions"}],"predecessor-version":[{"id":3854,"href":"https:\/\/elregionaldigital.info\/index.php?rest_route=\/wp\/v2\/posts\/3852\/revisions\/3854"}],"wp:featuredmedia":[{"embeddable":true,"href":"https:\/\/elregionaldigital.info\/index.php?rest_route=\/wp\/v2\/media\/3853"}],"wp:attachment":[{"href":"https:\/\/elregionaldigital.info\/index.php?rest_route=%2Fwp%2Fv2%2Fmedia&parent=3852"}],"wp:term":[{"taxonomy":"category","embeddable":true,"href":"https:\/\/elregionaldigital.info\/index.php?rest_route=%2Fwp%2Fv2%2Fcategories&post=3852"},{"taxonomy":"post_tag","embeddable":true,"href":"https:\/\/elregionaldigital.info\/index.php?rest_route=%2Fwp%2Fv2%2Ftags&post=3852"}],"curies":[{"name":"wp","href":"https:\/\/api.w.org\/{rel}","templated":true}]}}