{"id":3849,"date":"2024-11-25T18:16:54","date_gmt":"2024-11-25T18:16:54","guid":{"rendered":"https:\/\/elregionaldigital.info\/?p=3849"},"modified":"2024-11-26T18:17:25","modified_gmt":"2024-11-26T18:17:25","slug":"bienvenido-a-casa-hector-hugo-eugui","status":"publish","type":"post","link":"https:\/\/elregionaldigital.info\/?p=3849","title":{"rendered":"Bienvenido a casa, H\u00e9ctor Hugo Eugui"},"content":{"rendered":"\n<p>El Club de F\u00fatbol Correcaminos present\u00f3 oficialmente al uruguayo H\u00e9ctor Hugo<br>Eugui como Director T\u00e9cnico del equipo de la UAT que milita en la Liga de<br>Expansi\u00f3n Mx.<br>Eugui Simoncelli, cuenta con una amplia trayectoria en el f\u00fatbol mexicano e<br>internacional dirigiendo equipos de la Primera Divisi\u00f3n y estando ya al mando de<br>Correcaminos en varios Torneos.<br>Cabe destacar que, el Cuerpo T\u00e9cnico de H\u00e9ctor Hugo Eugui, estar\u00e1<br>conformado por Gabino Ampar\u00e1n Mart\u00ednez como Auxiliar T\u00e9cnico y Saul Villarreal<br>de la Rosa como Preparador F\u00edsico, profesionales que cuentan con una amplia<br>trayectoria.<br>As\u00ed mismo, el Presidente de Correcaminos, Javier Garibaldi resalt\u00f3 en<br>conferencia de prensa la incorporaci\u00f3n del destacado estratega a las filas<br>universitarias, destacando el principal objetivo de la administraci\u00f3n de<br>Correcaminos, de trabajar con los j\u00f3venes tamaulipecos.<\/p>\n\n\n\n<p>FICHA T\u00c9CNICA HECTOR HUGO EUGUI:<br>Nombre completo: H\u00e9ctor Hugo Eugui Simoncelli<br>Fecha de nacimiento: 18 de febrero de 1947<br>Lugar de nacimiento: Mercedes. Soriano, Uruguay<br>\u00daltimos equipos dirigidos:<br><em>Toluca<\/em>: 2001<br><em>Indios de Ju\u00e1rez<\/em>: 2008<br><em>Puebla<\/em>: 2011<br><em>Toluca<\/em>: 2011<br><em>Tecos<\/em>: 2012<br><em>Potros UAEM<\/em>: 2017<\/p>\n","protected":false},"excerpt":{"rendered":"<p>El Club de F\u00fatbol Correcaminos present\u00f3 oficialmente al uruguayo H\u00e9ctor HugoEugui como Director T\u00e9cnico del equipo de la UAT que milita en la Liga deExpansi\u00f3n Mx.Eugui Simoncelli, cuenta con una amplia trayectoria en el f\u00fatbol mexicano einternacional dirigiendo equipos de la Primera Divisi\u00f3n y estando ya al mando deCorrecaminos en varios Torneos.Cabe destacar que, el [&hellip;]<\/p>\n","protected":false},"author":1,"featured_media":3850,"comment_status":"open","ping_status":"open","sticky":false,"template":"","format":"standard","meta":{"footnotes":""},"categories":[6,4],"tags":[],"class_list":["post-3849","post","type-post","status-publish","format-standard","has-post-thumbnail","hentry","category-deportes","category-universidades"],"blog_post_layout_featured_media_urls":{"thumbnail":["https:\/\/elregionaldigital.info\/wp-content\/uploads\/2024\/11\/1-5-150x150.jpg",150,150,true],"full":["https:\/\/elregionaldigital.info\/wp-content\/uploads\/2024\/11\/1-5.jpg",1280,853,false]},"categories_names":{"6":{"name":"Deportes","link":"https:\/\/elregionaldigital.info\/?cat=6"},"4":{"name":"Universidades","link":"https:\/\/elregionaldigital.info\/?cat=4"}},"tags_names":[],"comments_number":"0","wpmagazine_modules_lite_featured_media_urls":{"thumbnail":["https:\/\/elregionaldigital.info\/wp-content\/uploads\/2024\/11\/1-5-150x150.jpg",150,150,true],"cvmm-medium":["https:\/\/elregionaldigital.info\/wp-content\/uploads\/2024\/11\/1-5-300x300.jpg",300,300,true],"cvmm-medium-plus":["https:\/\/elregionaldigital.info\/wp-content\/uploads\/2024\/11\/1-5-305x207.jpg",305,207,true],"cvmm-portrait":["https:\/\/elregionaldigital.info\/wp-content\/uploads\/2024\/11\/1-5-400x600.jpg",400,600,true],"cvmm-medium-square":["https:\/\/elregionaldigital.info\/wp-content\/uploads\/2024\/11\/1-5-600x600.jpg",600,600,true],"cvmm-large":["https:\/\/elregionaldigital.info\/wp-content\/uploads\/2024\/11\/1-5-1024x853.jpg",1024,853,true],"cvmm-small":["https:\/\/elregionaldigital.info\/wp-content\/uploads\/2024\/11\/1-5-130x95.jpg",130,95,true],"full":["https:\/\/elregionaldigital.info\/wp-content\/uploads\/2024\/11\/1-5.jpg",1280,853,false]},"_links":{"self":[{"href":"https:\/\/elregionaldigital.info\/index.php?rest_route=\/wp\/v2\/posts\/3849","targetHints":{"allow":["GET"]}}],"collection":[{"href":"https:\/\/elregionaldigital.info\/index.php?rest_route=\/wp\/v2\/posts"}],"about":[{"href":"https:\/\/elregionaldigital.info\/index.php?rest_route=\/wp\/v2\/types\/post"}],"author":[{"embeddable":true,"href":"https:\/\/elregionaldigital.info\/index.php?rest_route=\/wp\/v2\/users\/1"}],"replies":[{"embeddable":true,"href":"https:\/\/elregionaldigital.info\/index.php?rest_route=%2Fwp%2Fv2%2Fcomments&post=3849"}],"version-history":[{"count":1,"href":"https:\/\/elregionaldigital.info\/index.php?rest_route=\/wp\/v2\/posts\/3849\/revisions"}],"predecessor-version":[{"id":3851,"href":"https:\/\/elregionaldigital.info\/index.php?rest_route=\/wp\/v2\/posts\/3849\/revisions\/3851"}],"wp:featuredmedia":[{"embeddable":true,"href":"https:\/\/elregionaldigital.info\/index.php?rest_route=\/wp\/v2\/media\/3850"}],"wp:attachment":[{"href":"https:\/\/elregionaldigital.info\/index.php?rest_route=%2Fwp%2Fv2%2Fmedia&parent=3849"}],"wp:term":[{"taxonomy":"category","embeddable":true,"href":"https:\/\/elregionaldigital.info\/index.php?rest_route=%2Fwp%2Fv2%2Fcategories&post=3849"},{"taxonomy":"post_tag","embeddable":true,"href":"https:\/\/elregionaldigital.info\/index.php?rest_route=%2Fwp%2Fv2%2Ftags&post=3849"}],"curies":[{"name":"wp","href":"https:\/\/api.w.org\/{rel}","templated":true}]}}