{"id":3843,"date":"2024-11-23T17:04:20","date_gmt":"2024-11-23T17:04:20","guid":{"rendered":"https:\/\/elregionaldigital.info\/?p=3843"},"modified":"2024-11-25T17:05:06","modified_gmt":"2024-11-25T17:05:06","slug":"preside-rector-encendido-del-pino-navideno-familia-uat","status":"publish","type":"post","link":"https:\/\/elregionaldigital.info\/?p=3843","title":{"rendered":"Preside rector encendido del pino navide\u00f1o Familia UAT"},"content":{"rendered":"\n<p>El rector de la Universidad Aut\u00f3noma de Tamaulipas, D\u00e1maso Anaya Alvarado,<br>junto a su esposa, Isolda Rend\u00f3n de Anaya, presidi\u00f3 la ceremonia de encendido<br>del pino navide\u00f1o Familia UAT en el Centro Universitario Victoria.<br>El evento tiene como marco la apertura de una serie de actividades que<br>promueve la administraci\u00f3n rectoral con la finalidad de fortalecer el v\u00ednculo entre<br>los integrantes de la comunidad universitaria y el compromiso de la instituci\u00f3n con<br>los valores humanistas y familiares.<br>En su mensaje, el rector D\u00e1maso Anaya destac\u00f3 que el inicio de estos<br>festejos navide\u00f1os marca un momento para reflexionar sobre los valores<br>humanistas que distinguen a la UAT y que unen a su comunidad en esperanza y<br>generosidad antes de culminar el ciclo escolar actual.<br>El evento cont\u00f3 con la participaci\u00f3n de ni\u00f1as y ni\u00f1os del Centro<br>Especializado de Idiomas para la Ni\u00f1ez y Adolescencia (CEINA), quienes<br>interpretaron con entusiasmo villancicos en idioma ingl\u00e9s, demostrando su<br>formaci\u00f3n biling\u00fce y gan\u00e1ndose los aplausos de padres, madres, familiares,<br>comunidad universitaria y autoridades presentes de Familia UAT y las estancias<br>infantiles como el CENDI UAT, CENDI IMSS y el C\u00edrculo de Desarrollo Infantil.<br>Al finalizar la ceremonia, celebrada en la planta baja del edificio Centro<br>de Gesti\u00f3n del Conocimiento, se hizo entrega de bolsitas de dulces y qued\u00f3<br>instalado el stand del pino navide\u00f1o junto al nacimiento, un espacio dise\u00f1ado para<br>que tanto estudiantes, trabajadores y visitantes puedan tomarse fotograf\u00edas y<br>compartir el esp\u00edritu festivo.<br>Momentos antes, el rector D\u00e1maso Anaya y su esposa asistieron a la<br>Posada Infantil organizada por el Sindicato \u00danico de Trabajadores de la UAT, la<br>cual reuni\u00f3 a m\u00e1s de 320 hijos e hijas de trabajadores universitarios en el<br>Gimnasio Multidisciplinario de Ciudad Victoria.<\/p>\n","protected":false},"excerpt":{"rendered":"<p>El rector de la Universidad Aut\u00f3noma de Tamaulipas, D\u00e1maso Anaya Alvarado,junto a su esposa, Isolda Rend\u00f3n de Anaya, presidi\u00f3 la ceremonia de encendidodel pino navide\u00f1o Familia UAT en el Centro Universitario Victoria.El evento tiene como marco la apertura de una serie de actividades quepromueve la administraci\u00f3n rectoral con la finalidad de fortalecer el v\u00ednculo entrelos [&hellip;]<\/p>\n","protected":false},"author":1,"featured_media":3844,"comment_status":"open","ping_status":"open","sticky":false,"template":"","format":"standard","meta":{"footnotes":""},"categories":[4],"tags":[],"class_list":["post-3843","post","type-post","status-publish","format-standard","has-post-thumbnail","hentry","category-universidades"],"blog_post_layout_featured_media_urls":{"thumbnail":["https:\/\/elregionaldigital.info\/wp-content\/uploads\/2024\/11\/ft3-150x150.jpg",150,150,true],"full":["https:\/\/elregionaldigital.info\/wp-content\/uploads\/2024\/11\/ft3.jpg",1600,1066,false]},"categories_names":{"4":{"name":"Universidades","link":"https:\/\/elregionaldigital.info\/?cat=4"}},"tags_names":[],"comments_number":"0","wpmagazine_modules_lite_featured_media_urls":{"thumbnail":["https:\/\/elregionaldigital.info\/wp-content\/uploads\/2024\/11\/ft3-150x150.jpg",150,150,true],"cvmm-medium":["https:\/\/elregionaldigital.info\/wp-content\/uploads\/2024\/11\/ft3-300x300.jpg",300,300,true],"cvmm-medium-plus":["https:\/\/elregionaldigital.info\/wp-content\/uploads\/2024\/11\/ft3-305x207.jpg",305,207,true],"cvmm-portrait":["https:\/\/elregionaldigital.info\/wp-content\/uploads\/2024\/11\/ft3-400x600.jpg",400,600,true],"cvmm-medium-square":["https:\/\/elregionaldigital.info\/wp-content\/uploads\/2024\/11\/ft3-600x600.jpg",600,600,true],"cvmm-large":["https:\/\/elregionaldigital.info\/wp-content\/uploads\/2024\/11\/ft3-1024x1024.jpg",1024,1024,true],"cvmm-small":["https:\/\/elregionaldigital.info\/wp-content\/uploads\/2024\/11\/ft3-130x95.jpg",130,95,true],"full":["https:\/\/elregionaldigital.info\/wp-content\/uploads\/2024\/11\/ft3.jpg",1600,1066,false]},"_links":{"self":[{"href":"https:\/\/elregionaldigital.info\/index.php?rest_route=\/wp\/v2\/posts\/3843","targetHints":{"allow":["GET"]}}],"collection":[{"href":"https:\/\/elregionaldigital.info\/index.php?rest_route=\/wp\/v2\/posts"}],"about":[{"href":"https:\/\/elregionaldigital.info\/index.php?rest_route=\/wp\/v2\/types\/post"}],"author":[{"embeddable":true,"href":"https:\/\/elregionaldigital.info\/index.php?rest_route=\/wp\/v2\/users\/1"}],"replies":[{"embeddable":true,"href":"https:\/\/elregionaldigital.info\/index.php?rest_route=%2Fwp%2Fv2%2Fcomments&post=3843"}],"version-history":[{"count":1,"href":"https:\/\/elregionaldigital.info\/index.php?rest_route=\/wp\/v2\/posts\/3843\/revisions"}],"predecessor-version":[{"id":3845,"href":"https:\/\/elregionaldigital.info\/index.php?rest_route=\/wp\/v2\/posts\/3843\/revisions\/3845"}],"wp:featuredmedia":[{"embeddable":true,"href":"https:\/\/elregionaldigital.info\/index.php?rest_route=\/wp\/v2\/media\/3844"}],"wp:attachment":[{"href":"https:\/\/elregionaldigital.info\/index.php?rest_route=%2Fwp%2Fv2%2Fmedia&parent=3843"}],"wp:term":[{"taxonomy":"category","embeddable":true,"href":"https:\/\/elregionaldigital.info\/index.php?rest_route=%2Fwp%2Fv2%2Fcategories&post=3843"},{"taxonomy":"post_tag","embeddable":true,"href":"https:\/\/elregionaldigital.info\/index.php?rest_route=%2Fwp%2Fv2%2Ftags&post=3843"}],"curies":[{"name":"wp","href":"https:\/\/api.w.org\/{rel}","templated":true}]}}